{"id":1850,"date":"2021-01-21T15:33:00","date_gmt":"2021-01-21T18:33:00","guid":{"rendered":"https:\/\/prefeitura.santarosa.rs.gov.br\/?p=1850"},"modified":"2024-10-07T09:55:16","modified_gmt":"2024-10-07T12:55:16","slug":"alcides-vicini-recebe-homenagem-na-assembleia-legislativa","status":"publish","type":"post","link":"https:\/\/prefeitura.santarosa.rs.gov.br\/?p=1850","title":{"rendered":"Alcides Vicini recebe homenagem na Assembleia Legislativa"},"content":{"rendered":"\n<p>O Prefeito de Santa Rosa, Anderson Mantei e demais autoridades participaram da homenagem para Alcides Vicini<\/p>\n\n\n\n<p>O Prefeito de Santa Rosa, Anderson Mantei e demais autoridades participaram da homenagem para Alcides Vicini. O ato ocorreu nesta quarta-feira(20), na Assembleia Legislativa em Porto Alegre. Prefeito de Santa Rosa por 5 mandatos, Vicini que tamb\u00e9m foi Deputado Estadual em 1994, recebeu uma homenagem pelo seu trabalho pol\u00edtico com a Medalha da 55\u00aa Legislatura.<\/p>\n\n\n\n<p>Pol\u00edticos, amigos e familiares participaram da cerim\u00f4nia. Muitos discursos e homenagens marcaram o ato. O prefeito Anderson Mantei fez um agradecimento em nome de todos os santa-rosenses, \u201cSanta Rosa teve muita sorte de poder contar com um l\u00edder como Vicini, que fez muito mais do que estava ao seu alcance pela comunidade. N\u00f3s temos muito orgulho desse legado e de tanto aprendizado que todos tivemos ao longo de sua trajet\u00f3ria\u201d.<\/p>\n\n\n\n<p>A honraria \u00e9 destina para os que contribuem com a\u00e7\u00f5es desenvolvidas pelo parlamento em \u00e1reas espec\u00edficas para o crescimento do povo ga\u00facho. A medalha foi concedida pelo Deputado Ernani Pollo, presidente da Assembleia Legislativa, e teve aprova\u00e7\u00e3o dos Deputados.<\/p>\n","protected":false},"excerpt":{"rendered":"<p>O Prefeito de Santa Rosa, Anderson Mantei e demais autoridades participaram da homenagem para Alcides Vicini O Prefeito de Santa<\/p>\n","protected":false},"author":3,"featured_media":1851,"comment_status":"open","ping_status":"open","sticky":false,"template":"","format":"standard","meta":{"footnotes":""},"categories":[4,3],"tags":[],"class_list":["post-1850","post","type-post","status-publish","format-standard","has-post-thumbnail","hentry","category-noticias","category-gabinete-do-prefeito"],"aioseo_notices":[],"_links":{"self":[{"href":"https:\/\/prefeitura.santarosa.rs.gov.br\/index.php?rest_route=\/wp\/v2\/posts\/1850","targetHints":{"allow":["GET"]}}],"collection":[{"href":"https:\/\/prefeitura.santarosa.rs.gov.br\/index.php?rest_route=\/wp\/v2\/posts"}],"about":[{"href":"https:\/\/prefeitura.santarosa.rs.gov.br\/index.php?rest_route=\/wp\/v2\/types\/post"}],"author":[{"embeddable":true,"href":"https:\/\/prefeitura.santarosa.rs.gov.br\/index.php?rest_route=\/wp\/v2\/users\/3"}],"replies":[{"embeddable":true,"href":"https:\/\/prefeitura.santarosa.rs.gov.br\/index.php?rest_route=%2Fwp%2Fv2%2Fcomments&post=1850"}],"version-history":[{"count":1,"href":"https:\/\/prefeitura.santarosa.rs.gov.br\/index.php?rest_route=\/wp\/v2\/posts\/1850\/revisions"}],"predecessor-version":[{"id":1852,"href":"https:\/\/prefeitura.santarosa.rs.gov.br\/index.php?rest_route=\/wp\/v2\/posts\/1850\/revisions\/1852"}],"wp:featuredmedia":[{"embeddable":true,"href":"https:\/\/prefeitura.santarosa.rs.gov.br\/index.php?rest_route=\/wp\/v2\/media\/1851"}],"wp:attachment":[{"href":"https:\/\/prefeitura.santarosa.rs.gov.br\/index.php?rest_route=%2Fwp%2Fv2%2Fmedia&parent=1850"}],"wp:term":[{"taxonomy":"category","embeddable":true,"href":"https:\/\/prefeitura.santarosa.rs.gov.br\/index.php?rest_route=%2Fwp%2Fv2%2Fcategories&post=1850"},{"taxonomy":"post_tag","embeddable":true,"href":"https:\/\/prefeitura.santarosa.rs.gov.br\/index.php?rest_route=%2Fwp%2Fv2%2Ftags&post=1850"}],"curies":[{"name":"wp","href":"https:\/\/api.w.org\/{rel}","templated":true}]}}