{"id":1831,"date":"2021-01-29T11:54:00","date_gmt":"2021-01-29T14:54:00","guid":{"rendered":"https:\/\/prefeitura.santarosa.rs.gov.br\/?p=1831"},"modified":"2024-10-07T09:55:16","modified_gmt":"2024-10-07T12:55:16","slug":"programa-santa-rosa-empreendedora","status":"publish","type":"post","link":"https:\/\/prefeitura.santarosa.rs.gov.br\/?p=1831","title":{"rendered":"Programa Santa Rosa Empreendedora"},"content":{"rendered":"\n<p>Prefeito Anderson Mantei assina decreto que possibilita o livre desenvolvimento de atividades econ\u00f4micas em qualquer dia e hora da semana<\/p>\n\n\n\n<p>Prefeito Anderson Mantei assina decreto que possibilita o livre desenvolvimento de atividades econ\u00f4micas em qualquer dia e hora da semana<\/p>\n\n\n\n<p>Os estabelecimentos de Santa Rosa, a partir de agora, podem definir dia e o hor\u00e1rio de funcionamento. O decreto n\u00ba06, foi assinado pelo Prefeito Anderson Mantei. Com ele, \u00e9 poss\u00edvel permitir o livre desenvolvimento de atividades econ\u00f4micas no munic\u00edpio. Essa \u00e9 a primeira a\u00e7\u00e3o, de um grande Programa de Governo chamado Santa Rosa Empreendedora.<br>O objetivo desse projeto \u00e9 o desenvolvimento econ\u00f4mico, atrav\u00e9s da gera\u00e7\u00e3o de emprego e renda. O lan\u00e7amento do Programa, ocorreu nessa semana, com o an\u00fancio do Decreto que viabiliza que o empreendedor tenha mais liberdade para abrir seu estabelecimento.<\/p>\n\n\n\n<p>Anderson Mantei destaca que o Programa vai mudar o cen\u00e1rio da regi\u00e3o, \u201cEstamos fazendo muitos contatos para trazer novas empresas, assim como, realizando a\u00e7\u00f5es que foquem o crescimento de nossa cidade e da regi\u00e3o, e o primeiro passo concreto foi esse decreto que possibilita o livre desenvolvimento das atividades econ\u00f4micas\u201d.<\/p>\n\n\n\n<p>Independentemente de feriados civis e religiosos, est\u00e1 autorizada a abertura de toda a atividade de neg\u00f3cio. Para o Secret\u00e1rio de Desenvolvimento Econ\u00f4mico, Odaylson Eder, \u201cAgora Santa Rosa vai estar alinhada com a lei federal e com as cidades que t\u00eam conceito de empreendedorismo, pois queremos ter uma cidade ainda mais moderna. A partir de agora, com essa flexibilidade, o empreendedor define seu hor\u00e1rio de atendimento\u201d.<\/p>\n\n\n\n<p>Fica estabelecido no decreto que as mesmas devem seguir as normas de prote\u00e7\u00e3o ao meio ambiente, inclu\u00eddas as de repress\u00e3o \u00e0 polui\u00e7\u00e3o sonora e \u00e0 perturba\u00e7\u00e3o do sossego p\u00fablico, legisla\u00e7\u00e3o trabalhista e normativas em rela\u00e7\u00e3o ao covid-19. As restri\u00e7\u00f5es de contrato, de regulamenta\u00e7\u00e3o condominial, ou de outro neg\u00f3cio jur\u00eddico, normas de direito real e de direito de vizinhan\u00e7a ficam tamb\u00e9m preservadas pelo contrato.<\/p>\n","protected":false},"excerpt":{"rendered":"<p>Prefeito Anderson Mantei assina decreto que possibilita o livre desenvolvimento de atividades econ\u00f4micas em qualquer dia e hora da semana<\/p>\n","protected":false},"author":3,"featured_media":1833,"comment_status":"open","ping_status":"open","sticky":false,"template":"","format":"standard","meta":{"footnotes":""},"categories":[4,16,3],"tags":[],"class_list":["post-1831","post","type-post","status-publish","format-standard","has-post-thumbnail","hentry","category-noticias","category-secretaria-municipal-de-desenvolvimento-economico-turismo-e-tecnologia","category-gabinete-do-prefeito"],"aioseo_notices":[],"_links":{"self":[{"href":"https:\/\/prefeitura.santarosa.rs.gov.br\/index.php?rest_route=\/wp\/v2\/posts\/1831","targetHints":{"allow":["GET"]}}],"collection":[{"href":"https:\/\/prefeitura.santarosa.rs.gov.br\/index.php?rest_route=\/wp\/v2\/posts"}],"about":[{"href":"https:\/\/prefeitura.santarosa.rs.gov.br\/index.php?rest_route=\/wp\/v2\/types\/post"}],"author":[{"embeddable":true,"href":"https:\/\/prefeitura.santarosa.rs.gov.br\/index.php?rest_route=\/wp\/v2\/users\/3"}],"replies":[{"embeddable":true,"href":"https:\/\/prefeitura.santarosa.rs.gov.br\/index.php?rest_route=%2Fwp%2Fv2%2Fcomments&post=1831"}],"version-history":[{"count":1,"href":"https:\/\/prefeitura.santarosa.rs.gov.br\/index.php?rest_route=\/wp\/v2\/posts\/1831\/revisions"}],"predecessor-version":[{"id":1834,"href":"https:\/\/prefeitura.santarosa.rs.gov.br\/index.php?rest_route=\/wp\/v2\/posts\/1831\/revisions\/1834"}],"wp:featuredmedia":[{"embeddable":true,"href":"https:\/\/prefeitura.santarosa.rs.gov.br\/index.php?rest_route=\/wp\/v2\/media\/1833"}],"wp:attachment":[{"href":"https:\/\/prefeitura.santarosa.rs.gov.br\/index.php?rest_route=%2Fwp%2Fv2%2Fmedia&parent=1831"}],"wp:term":[{"taxonomy":"category","embeddable":true,"href":"https:\/\/prefeitura.santarosa.rs.gov.br\/index.php?rest_route=%2Fwp%2Fv2%2Fcategories&post=1831"},{"taxonomy":"post_tag","embeddable":true,"href":"https:\/\/prefeitura.santarosa.rs.gov.br\/index.php?rest_route=%2Fwp%2Fv2%2Ftags&post=1831"}],"curies":[{"name":"wp","href":"https:\/\/api.w.org\/{rel}","templated":true}]}}