{"id":1827,"date":"2021-02-02T10:07:00","date_gmt":"2021-02-02T13:07:00","guid":{"rendered":"https:\/\/prefeitura.santarosa.rs.gov.br\/?p=1827"},"modified":"2024-10-07T09:55:16","modified_gmt":"2024-10-07T12:55:16","slug":"arquitetos-e-engenheiros-se-reunem-com-prefeito","status":"publish","type":"post","link":"https:\/\/prefeitura.santarosa.rs.gov.br\/?p=1827","title":{"rendered":"Arquitetos e Engenheiros se re\u00fanem com Prefeito"},"content":{"rendered":"\n<p>Representantes da Associa\u00e7\u00e3o Profissional dos Engenheiros e Arquitetos de Santa Rosa \u2013 APEA-SR participaram de uma reuni\u00e3o na prefeitura.<\/p>\n\n\n\n<p>Representantes da Associa\u00e7\u00e3o Profissional dos Engenheiros e Arquitetos de Santa Rosa \u2013 APEA-SR participaram de uma reuni\u00e3o na prefeitura. Os profissionais da entidade tiveram um encontro com o Prefeito Anderson Mantei, vice-prefeito Aldemir Ulrich e o Secret\u00e1rio de Planejamento Cl\u00e1udio Franke. Na oportunidade, foi apresentado um projeto de melhorias, da nova Administra\u00e7\u00e3o, e tamb\u00e9m, foi tratado sobre avan\u00e7os na \u00e1rea.<\/p>\n\n\n\n<p>O prefeito Anderson se colocou \u00e0 disposi\u00e7\u00e3o dos arquitetos e engenheiros para poss\u00edveis melhorias. O desenvolvimento de a\u00e7\u00f5es para agilizar o andamento dos projetos tamb\u00e9m foi pauta da reuni\u00e3o, \u201cQueremos desburocratizar a prefeitura, por isso em todas as \u00e1reas, estamos desenvolvendo a\u00e7\u00f5es para que os processos sejam agilizados. Respeitando os tramites legais, precisamos avan\u00e7ar com essa quest\u00e3o, e o planejamento, \u00e9 essencial para o desenvolvimento do nosso munic\u00edpio\u201d.<\/p>\n\n\n\n<p>Durante a reuni\u00e3o, foi apresentada a estrutura do Planejamento e poss\u00edveis melhorias no andamento da secretaria. A principal pauta foi a aprova\u00e7\u00e3o de projetos, \u201cEssa foi uma \u00f3tima oportunidade para apresentarmos nosso quadro, as ferramentas e as nossas propostas para agilizar os processos internos\u201d, destacou Franke. Durante o encontro, os profissionais tamb\u00e9m tiveram oportunidade de apresentar sugest\u00f5es e trocar ideias sobre avan\u00e7os. Para Giofranco Saggin, presidente da APEA-SR, \u201cEssa reuni\u00e3o foi de suma import\u00e2ncia para tratarmos de estrat\u00e9gias que possam colaborar com o desenvolvimento da secretaria, como por exemplo, com a simplifica\u00e7\u00e3o da an\u00e1lise de projetos, o que vai trazer muitos benef\u00edcios para o desenvolvimento da cidade\u201d. Algumas melhorias foram acordadas durante a reuni\u00e3o, e nos pr\u00f3ximos dias, outras normativas para o avan\u00e7o da desburocratiza\u00e7\u00e3o devem ser anunciadas.<\/p>\n","protected":false},"excerpt":{"rendered":"<p>Representantes da Associa\u00e7\u00e3o Profissional dos Engenheiros e Arquitetos de Santa Rosa \u2013 APEA-SR participaram de uma reuni\u00e3o na prefeitura. Representantes<\/p>\n","protected":false},"author":3,"featured_media":1828,"comment_status":"open","ping_status":"open","sticky":false,"template":"","format":"standard","meta":{"footnotes":""},"categories":[4,3],"tags":[],"class_list":["post-1827","post","type-post","status-publish","format-standard","has-post-thumbnail","hentry","category-noticias","category-gabinete-do-prefeito"],"aioseo_notices":[],"_links":{"self":[{"href":"https:\/\/prefeitura.santarosa.rs.gov.br\/index.php?rest_route=\/wp\/v2\/posts\/1827","targetHints":{"allow":["GET"]}}],"collection":[{"href":"https:\/\/prefeitura.santarosa.rs.gov.br\/index.php?rest_route=\/wp\/v2\/posts"}],"about":[{"href":"https:\/\/prefeitura.santarosa.rs.gov.br\/index.php?rest_route=\/wp\/v2\/types\/post"}],"author":[{"embeddable":true,"href":"https:\/\/prefeitura.santarosa.rs.gov.br\/index.php?rest_route=\/wp\/v2\/users\/3"}],"replies":[{"embeddable":true,"href":"https:\/\/prefeitura.santarosa.rs.gov.br\/index.php?rest_route=%2Fwp%2Fv2%2Fcomments&post=1827"}],"version-history":[{"count":1,"href":"https:\/\/prefeitura.santarosa.rs.gov.br\/index.php?rest_route=\/wp\/v2\/posts\/1827\/revisions"}],"predecessor-version":[{"id":1829,"href":"https:\/\/prefeitura.santarosa.rs.gov.br\/index.php?rest_route=\/wp\/v2\/posts\/1827\/revisions\/1829"}],"wp:featuredmedia":[{"embeddable":true,"href":"https:\/\/prefeitura.santarosa.rs.gov.br\/index.php?rest_route=\/wp\/v2\/media\/1828"}],"wp:attachment":[{"href":"https:\/\/prefeitura.santarosa.rs.gov.br\/index.php?rest_route=%2Fwp%2Fv2%2Fmedia&parent=1827"}],"wp:term":[{"taxonomy":"category","embeddable":true,"href":"https:\/\/prefeitura.santarosa.rs.gov.br\/index.php?rest_route=%2Fwp%2Fv2%2Fcategories&post=1827"},{"taxonomy":"post_tag","embeddable":true,"href":"https:\/\/prefeitura.santarosa.rs.gov.br\/index.php?rest_route=%2Fwp%2Fv2%2Ftags&post=1827"}],"curies":[{"name":"wp","href":"https:\/\/api.w.org\/{rel}","templated":true}]}}