{"id":18178,"date":"2026-09-04T16:41:40","date_gmt":"2026-09-04T19:41:40","guid":{"rendered":"https:\/\/prefeitura.santarosa.rs.gov.br\/?p=18178"},"modified":"2026-09-04T16:41:41","modified_gmt":"2026-09-04T19:41:41","slug":"festival-de-poesias-incentiva-a-criatividade-na-emef-princesa-isabel","status":"publish","type":"post","link":"https:\/\/prefeitura.santarosa.rs.gov.br\/?p=18178","title":{"rendered":"Festival de Poesias incentiva a criatividade na EMEF Princesa Isabel"},"content":{"rendered":"\n<figure class=\"wp-block-image size-large\"><img fetchpriority=\"high\" decoding=\"async\" width=\"1024\" height=\"576\" src=\"https:\/\/prefeitura.santarosa.rs.gov.br\/wp-content\/uploads\/2026\/09\/WhatsApp-Image-2026-09-03-at-17.03.43-1024x576.jpeg\" alt=\"\" class=\"wp-image-18179\" srcset=\"https:\/\/prefeitura.santarosa.rs.gov.br\/wp-content\/uploads\/2026\/09\/WhatsApp-Image-2026-09-03-at-17.03.43-1024x576.jpeg 1024w, https:\/\/prefeitura.santarosa.rs.gov.br\/wp-content\/uploads\/2026\/09\/WhatsApp-Image-2026-09-03-at-17.03.43-300x169.jpeg 300w, https:\/\/prefeitura.santarosa.rs.gov.br\/wp-content\/uploads\/2026\/09\/WhatsApp-Image-2026-09-03-at-17.03.43-768x432.jpeg 768w, https:\/\/prefeitura.santarosa.rs.gov.br\/wp-content\/uploads\/2026\/09\/WhatsApp-Image-2026-09-03-at-17.03.43-1536x864.jpeg 1536w, https:\/\/prefeitura.santarosa.rs.gov.br\/wp-content\/uploads\/2026\/09\/WhatsApp-Image-2026-09-03-at-17.03.43.jpeg 1600w\" sizes=\"(max-width: 1024px) 100vw, 1024px\" \/><\/figure>\n\n\n\n<p class=\"wp-block-paragraph\">A EMEF Princesa Isabel realizou a 5\u00aa edi\u00e7\u00e3o do Festival de Poesias. A atividade integrou o projeto da \u00c1rea de Linguagem e foi dividido em duas categorias: Composi\u00e7\u00e3o e Interpreta\u00e7\u00e3o. Para participar, os estudantes produziram poemas a partir de temas relacionados as suas viv\u00eancias. A escola do campo, o lugar onde vivem, os sentimentos e a natureza est\u00e3o entre os assuntos trabalhados. As produ\u00e7\u00f5es passaram por avalia\u00e7\u00e3o dos professores. Os poemas foram divididos nas categorias: Dente de Leite, Mirim I, Mirim II, Infantojuvenil e Juvenil, conforme o ano escolar de cada aluno.<\/p>\n\n\n\n<p class=\"wp-block-paragraph\">Na categoria Interpreta\u00e7\u00e3o, os estudantes apresentaram seus poemas de forma oral. A proposta valorizou a express\u00e3o, a criatividade e a emo\u00e7\u00e3o. As apresenta\u00e7\u00f5es ocorreram durante os turnos da manh\u00e3 e da tarde, com participa\u00e7\u00e3o de todas as turmas. Um dos diferenciais do projeto foi a participa\u00e7\u00e3o de todos os matriculados na escola. Cada aluno teve a oportunidade de escrever e apresentar seu poema. N\u00e3o houve sele\u00e7\u00e3o pr\u00e9via para participar das atividades. A diretora da EMEF Princesa Isabel, Solange Maria Soares, destacou que o Festival representa um momento de valoriza\u00e7\u00e3o dos estudantes e de suas produ\u00e7\u00f5es, \u201cA poesia permite que nossos alunos expressem sentimentos, ideias e experi\u00eancias de uma forma muito especial. \u00c9 gratificante acompanhar cada apresenta\u00e7\u00e3o e perceber o envolvimento de todos com a Literatura e com a escola\u201d.<\/p>\n\n\n\n<p class=\"wp-block-paragraph\">A iniciativa tamb\u00e9m buscou incentivar o contato com a Literatura. Todos os participantes receberam medalhas. Os tr\u00eas primeiros colocados de cada categoria receberam uma medalha especial. O primeiro lugar de cada categoria tamb\u00e9m recebeu um trof\u00e9u. A comunidade escolar foi convidada para prestigiar as apresenta\u00e7\u00f5es. As composi\u00e7\u00f5es produzidas ser\u00e3o reunidas em um arquivo digital. O registro ir\u00e1 permitir preservar as produ\u00e7\u00f5es dos estudantes e a hist\u00f3ria do Festival por muitos anos.<\/p>\n","protected":false},"excerpt":{"rendered":"<p>A EMEF Princesa Isabel realizou a 5\u00aa edi\u00e7\u00e3o do Festival de Poesias. A atividade integrou o projeto da \u00c1rea de&hellip; <a class=\"continue\" href=\"https:\/\/prefeitura.santarosa.rs.gov.br\/?p=18178\">Leia mais<span> Festival de Poesias incentiva a criatividade na EMEF Princesa Isabel<\/span><\/a><\/p>\n","protected":false},"author":12,"featured_media":18180,"comment_status":"closed","ping_status":"closed","sticky":false,"template":"","format":"standard","meta":{"colormag_page_container_layout":"default_layout","colormag_page_sidebar_layout":"default_layout","footnotes":""},"categories":[4,18],"tags":[],"class_list":["post-18178","post","type-post","status-publish","format-standard","has-post-thumbnail","hentry","category-noticias","category-secretaria-municipal-de-educacao-e-cultura"],"_links":{"self":[{"href":"https:\/\/prefeitura.santarosa.rs.gov.br\/index.php?rest_route=\/wp\/v2\/posts\/18178","targetHints":{"allow":["GET"]}}],"collection":[{"href":"https:\/\/prefeitura.santarosa.rs.gov.br\/index.php?rest_route=\/wp\/v2\/posts"}],"about":[{"href":"https:\/\/prefeitura.santarosa.rs.gov.br\/index.php?rest_route=\/wp\/v2\/types\/post"}],"author":[{"embeddable":true,"href":"https:\/\/prefeitura.santarosa.rs.gov.br\/index.php?rest_route=\/wp\/v2\/users\/12"}],"replies":[{"embeddable":true,"href":"https:\/\/prefeitura.santarosa.rs.gov.br\/index.php?rest_route=%2Fwp%2Fv2%2Fcomments&post=18178"}],"version-history":[{"count":1,"href":"https:\/\/prefeitura.santarosa.rs.gov.br\/index.php?rest_route=\/wp\/v2\/posts\/18178\/revisions"}],"predecessor-version":[{"id":18181,"href":"https:\/\/prefeitura.santarosa.rs.gov.br\/index.php?rest_route=\/wp\/v2\/posts\/18178\/revisions\/18181"}],"wp:featuredmedia":[{"embeddable":true,"href":"https:\/\/prefeitura.santarosa.rs.gov.br\/index.php?rest_route=\/wp\/v2\/media\/18180"}],"wp:attachment":[{"href":"https:\/\/prefeitura.santarosa.rs.gov.br\/index.php?rest_route=%2Fwp%2Fv2%2Fmedia&parent=18178"}],"wp:term":[{"taxonomy":"category","embeddable":true,"href":"https:\/\/prefeitura.santarosa.rs.gov.br\/index.php?rest_route=%2Fwp%2Fv2%2Fcategories&post=18178"},{"taxonomy":"post_tag","embeddable":true,"href":"https:\/\/prefeitura.santarosa.rs.gov.br\/index.php?rest_route=%2Fwp%2Fv2%2Ftags&post=18178"}],"curies":[{"name":"wp","href":"https:\/\/api.w.org\/{rel}","templated":true}]}}