{"id":18158,"date":"2026-09-04T09:51:13","date_gmt":"2026-09-04T12:51:13","guid":{"rendered":"https:\/\/prefeitura.santarosa.rs.gov.br\/?p=18158"},"modified":"2026-09-04T09:51:47","modified_gmt":"2026-09-04T12:51:47","slug":"cultura-e-solidariedade-durante-a-21a-feira-do-livro-145-kg-de-alimentos-foram-arrecadados-e-doados-ao-municipio","status":"publish","type":"post","link":"https:\/\/prefeitura.santarosa.rs.gov.br\/?p=18158","title":{"rendered":"Cultura e solidariedade: Durante a 21\u00aa Feira do Livro 145 kg de alimentos foram arrecadados e doados ao munic\u00edpio"},"content":{"rendered":"\n<figure class=\"wp-block-image size-large\"><img fetchpriority=\"high\" decoding=\"async\" width=\"1024\" height=\"691\" src=\"https:\/\/prefeitura.santarosa.rs.gov.br\/wp-content\/uploads\/2026\/09\/Formato-Portal-do-Cidadao-1600X1080JPG-2026-09-04T092618.838-1024x691.jpg\" alt=\"\" class=\"wp-image-18160\" srcset=\"https:\/\/prefeitura.santarosa.rs.gov.br\/wp-content\/uploads\/2026\/09\/Formato-Portal-do-Cidadao-1600X1080JPG-2026-09-04T092618.838-1024x691.jpg 1024w, https:\/\/prefeitura.santarosa.rs.gov.br\/wp-content\/uploads\/2026\/09\/Formato-Portal-do-Cidadao-1600X1080JPG-2026-09-04T092618.838-300x203.jpg 300w, https:\/\/prefeitura.santarosa.rs.gov.br\/wp-content\/uploads\/2026\/09\/Formato-Portal-do-Cidadao-1600X1080JPG-2026-09-04T092618.838-767x518.jpg 767w, https:\/\/prefeitura.santarosa.rs.gov.br\/wp-content\/uploads\/2026\/09\/Formato-Portal-do-Cidadao-1600X1080JPG-2026-09-04T092618.838-1536x1037.jpg 1536w, https:\/\/prefeitura.santarosa.rs.gov.br\/wp-content\/uploads\/2026\/09\/Formato-Portal-do-Cidadao-1600X1080JPG-2026-09-04T092618.838.jpg 1600w\" sizes=\"(max-width: 1024px) 100vw, 1024px\" \/><\/figure>\n\n\n\n<p class=\"wp-block-paragraph\">A solidariedade tamb\u00e9m esteve presente durante a 21\u00aa Feira do Livro de Santa Rosa, realizada em agosto. Al\u00e9m da comercializa\u00e7\u00e3o e dos lan\u00e7amentos de livros, o evento contou com algumas sess\u00f5es de cinema que tiveram ingresso solid\u00e1rio. Para acompanhar as exibi\u00e7\u00f5es, o p\u00fablico foi convidado a doar 1 kg de alimento n\u00e3o perec\u00edvel. A iniciativa resultou na arrecada\u00e7\u00e3o de 145 kg que foram posteriormente repassados ao Banco de Alimentos do munic\u00edpio, de responsabilidade da Secretaria de Desenvolvimento Social.<\/p>\n\n\n\n<p class=\"wp-block-paragraph\">A a\u00e7\u00e3o agregou um car\u00e1ter&nbsp;solid\u00e1rio \u00e0 programa\u00e7\u00e3o cultural. A participa\u00e7\u00e3o do p\u00fablico nas sess\u00f5es de cinema tamb\u00e9m se transformou em uma forma de contribuir com a comunidade. A Secret\u00e1ria de Desenvolvimento Social, Deolmira Girardi, agradeceu a iniciativa, \u201cA arrecada\u00e7\u00e3o mostra que cultura e solidariedade podem caminhar juntas. Cada doa\u00e7\u00e3o representa um gesto de cuidado e contribui para apoiar fam\u00edlias que necessitam desse atendimento\u201d.<\/p>\n\n\n\n<p class=\"wp-block-paragraph\"><\/p>\n","protected":false},"excerpt":{"rendered":"<p>A solidariedade tamb\u00e9m esteve presente durante a 21\u00aa Feira do Livro de Santa Rosa, realizada em agosto. Al\u00e9m da comercializa\u00e7\u00e3o&hellip; <a class=\"continue\" href=\"https:\/\/prefeitura.santarosa.rs.gov.br\/?p=18158\">Leia mais<span> Cultura e solidariedade: Durante a 21\u00aa Feira do Livro 145 kg de alimentos foram arrecadados e doados ao munic\u00edpio<\/span><\/a><\/p>\n","protected":false},"author":12,"featured_media":18161,"comment_status":"closed","ping_status":"closed","sticky":false,"template":"","format":"standard","meta":{"colormag_page_container_layout":"default_layout","colormag_page_sidebar_layout":"default_layout","footnotes":""},"categories":[4,18],"tags":[],"class_list":["post-18158","post","type-post","status-publish","format-standard","has-post-thumbnail","hentry","category-noticias","category-secretaria-municipal-de-educacao-e-cultura"],"_links":{"self":[{"href":"https:\/\/prefeitura.santarosa.rs.gov.br\/index.php?rest_route=\/wp\/v2\/posts\/18158","targetHints":{"allow":["GET"]}}],"collection":[{"href":"https:\/\/prefeitura.santarosa.rs.gov.br\/index.php?rest_route=\/wp\/v2\/posts"}],"about":[{"href":"https:\/\/prefeitura.santarosa.rs.gov.br\/index.php?rest_route=\/wp\/v2\/types\/post"}],"author":[{"embeddable":true,"href":"https:\/\/prefeitura.santarosa.rs.gov.br\/index.php?rest_route=\/wp\/v2\/users\/12"}],"replies":[{"embeddable":true,"href":"https:\/\/prefeitura.santarosa.rs.gov.br\/index.php?rest_route=%2Fwp%2Fv2%2Fcomments&post=18158"}],"version-history":[{"count":1,"href":"https:\/\/prefeitura.santarosa.rs.gov.br\/index.php?rest_route=\/wp\/v2\/posts\/18158\/revisions"}],"predecessor-version":[{"id":18162,"href":"https:\/\/prefeitura.santarosa.rs.gov.br\/index.php?rest_route=\/wp\/v2\/posts\/18158\/revisions\/18162"}],"wp:featuredmedia":[{"embeddable":true,"href":"https:\/\/prefeitura.santarosa.rs.gov.br\/index.php?rest_route=\/wp\/v2\/media\/18161"}],"wp:attachment":[{"href":"https:\/\/prefeitura.santarosa.rs.gov.br\/index.php?rest_route=%2Fwp%2Fv2%2Fmedia&parent=18158"}],"wp:term":[{"taxonomy":"category","embeddable":true,"href":"https:\/\/prefeitura.santarosa.rs.gov.br\/index.php?rest_route=%2Fwp%2Fv2%2Fcategories&post=18158"},{"taxonomy":"post_tag","embeddable":true,"href":"https:\/\/prefeitura.santarosa.rs.gov.br\/index.php?rest_route=%2Fwp%2Fv2%2Ftags&post=18158"}],"curies":[{"name":"wp","href":"https:\/\/api.w.org\/{rel}","templated":true}]}}