{"id":18153,"date":"2026-09-04T09:27:08","date_gmt":"2026-09-04T12:27:08","guid":{"rendered":"https:\/\/prefeitura.santarosa.rs.gov.br\/?p=18153"},"modified":"2026-09-04T09:27:10","modified_gmt":"2026-09-04T12:27:10","slug":"formacao-fortalece-ensino-de-tecnologia-nas-escolas-de-santa-rosa","status":"publish","type":"post","link":"https:\/\/prefeitura.santarosa.rs.gov.br\/?p=18153","title":{"rendered":"Forma\u00e7\u00e3o fortalece ensino de tecnologia nas escolas de Santa Rosa"},"content":{"rendered":"\n<figure class=\"wp-block-image size-large\"><img fetchpriority=\"high\" decoding=\"async\" width=\"1024\" height=\"576\" src=\"https:\/\/prefeitura.santarosa.rs.gov.br\/wp-content\/uploads\/2026\/09\/WhatsApp-Image-2026-09-04-at-09.10.20-1024x576.jpeg\" alt=\"\" class=\"wp-image-18154\" srcset=\"https:\/\/prefeitura.santarosa.rs.gov.br\/wp-content\/uploads\/2026\/09\/WhatsApp-Image-2026-09-04-at-09.10.20-1024x576.jpeg 1024w, https:\/\/prefeitura.santarosa.rs.gov.br\/wp-content\/uploads\/2026\/09\/WhatsApp-Image-2026-09-04-at-09.10.20-300x169.jpeg 300w, https:\/\/prefeitura.santarosa.rs.gov.br\/wp-content\/uploads\/2026\/09\/WhatsApp-Image-2026-09-04-at-09.10.20-768x432.jpeg 768w, https:\/\/prefeitura.santarosa.rs.gov.br\/wp-content\/uploads\/2026\/09\/WhatsApp-Image-2026-09-04-at-09.10.20-1536x864.jpeg 1536w, https:\/\/prefeitura.santarosa.rs.gov.br\/wp-content\/uploads\/2026\/09\/WhatsApp-Image-2026-09-04-at-09.10.20-2048x1152.jpeg 2048w\" sizes=\"(max-width: 1024px) 100vw, 1024px\" \/><\/figure>\n\n\n\n<p class=\"wp-block-paragraph\">Professores da Rede Municipal de Ensino participaram, na \u00faltima semana, da Forma\u00e7\u00e3o Continuada sobre a Implementa\u00e7\u00e3o da BNCC Computa\u00e7\u00e3o. A iniciativa busca qualificar os profissionais para integrar conceitos de tecnologia ao cotidiano escolar. A forma\u00e7\u00e3o abordou os eixos de Pensamento Computacional, Mundo Digital e Cultura Digital. Os conte\u00fados s\u00e3o voltados para turmas da Educa\u00e7\u00e3o Infantil e do Ensino Fundamental.<\/p>\n\n\n\n<p class=\"wp-block-paragraph\">A proposta segue as diretrizes curriculares nacionais. O objetivo \u00e9 garantir que o aprendizado tecnol\u00f3gico ocorra de forma estruturada e intencional. Para a Secret\u00e1ria de Educa\u00e7\u00e3o e Cultura, Lires Zimmermann F\u00fchr, a forma\u00e7\u00e3o dos professores \u00e9 essencial para acompanhar as novas demandas educacionais, \u201cInvestir na forma\u00e7\u00e3o dos professores \u00e9 fortalecer a cultura digital em nossa rede de ensino. Queremos que os estudantes desenvolvam uma rela\u00e7\u00e3o mais consciente, criativa e respons\u00e1vel com a tecnologia. Dessa forma, contribu\u00edmos para uma forma\u00e7\u00e3o integral e para novos desafios no futuro\u201d.<\/p>\n\n\n\n<p class=\"wp-block-paragraph\">A capacita\u00e7\u00e3o tamb\u00e9m contribui para fortalecer a cultura digital nas escolas. Entre os resultados esperados est\u00e3o o desenvolvimento do racioc\u00ednio l\u00f3gico, do pensamento cr\u00edtico e da criatividade dos estudantes.<\/p>\n","protected":false},"excerpt":{"rendered":"<p>Professores da Rede Municipal de Ensino participaram, na \u00faltima semana, da Forma\u00e7\u00e3o Continuada sobre a Implementa\u00e7\u00e3o da BNCC Computa\u00e7\u00e3o. A&hellip; <a class=\"continue\" href=\"https:\/\/prefeitura.santarosa.rs.gov.br\/?p=18153\">Leia mais<span> Forma\u00e7\u00e3o fortalece ensino de tecnologia nas escolas de Santa Rosa<\/span><\/a><\/p>\n","protected":false},"author":12,"featured_media":18155,"comment_status":"closed","ping_status":"closed","sticky":false,"template":"","format":"standard","meta":{"colormag_page_container_layout":"default_layout","colormag_page_sidebar_layout":"default_layout","footnotes":""},"categories":[4,18],"tags":[],"class_list":["post-18153","post","type-post","status-publish","format-standard","has-post-thumbnail","hentry","category-noticias","category-secretaria-municipal-de-educacao-e-cultura"],"_links":{"self":[{"href":"https:\/\/prefeitura.santarosa.rs.gov.br\/index.php?rest_route=\/wp\/v2\/posts\/18153","targetHints":{"allow":["GET"]}}],"collection":[{"href":"https:\/\/prefeitura.santarosa.rs.gov.br\/index.php?rest_route=\/wp\/v2\/posts"}],"about":[{"href":"https:\/\/prefeitura.santarosa.rs.gov.br\/index.php?rest_route=\/wp\/v2\/types\/post"}],"author":[{"embeddable":true,"href":"https:\/\/prefeitura.santarosa.rs.gov.br\/index.php?rest_route=\/wp\/v2\/users\/12"}],"replies":[{"embeddable":true,"href":"https:\/\/prefeitura.santarosa.rs.gov.br\/index.php?rest_route=%2Fwp%2Fv2%2Fcomments&post=18153"}],"version-history":[{"count":1,"href":"https:\/\/prefeitura.santarosa.rs.gov.br\/index.php?rest_route=\/wp\/v2\/posts\/18153\/revisions"}],"predecessor-version":[{"id":18156,"href":"https:\/\/prefeitura.santarosa.rs.gov.br\/index.php?rest_route=\/wp\/v2\/posts\/18153\/revisions\/18156"}],"wp:featuredmedia":[{"embeddable":true,"href":"https:\/\/prefeitura.santarosa.rs.gov.br\/index.php?rest_route=\/wp\/v2\/media\/18155"}],"wp:attachment":[{"href":"https:\/\/prefeitura.santarosa.rs.gov.br\/index.php?rest_route=%2Fwp%2Fv2%2Fmedia&parent=18153"}],"wp:term":[{"taxonomy":"category","embeddable":true,"href":"https:\/\/prefeitura.santarosa.rs.gov.br\/index.php?rest_route=%2Fwp%2Fv2%2Fcategories&post=18153"},{"taxonomy":"post_tag","embeddable":true,"href":"https:\/\/prefeitura.santarosa.rs.gov.br\/index.php?rest_route=%2Fwp%2Fv2%2Ftags&post=18153"}],"curies":[{"name":"wp","href":"https:\/\/api.w.org\/{rel}","templated":true}]}}