{"id":1815,"date":"2021-02-08T15:29:00","date_gmt":"2021-02-08T18:29:00","guid":{"rendered":"https:\/\/prefeitura.santarosa.rs.gov.br\/?p=1815"},"modified":"2024-10-07T09:55:16","modified_gmt":"2024-10-07T12:55:16","slug":"fumssar-realiza-treinamento-com-fiscais","status":"publish","type":"post","link":"https:\/\/prefeitura.santarosa.rs.gov.br\/?p=1815","title":{"rendered":"FUMSSAR realiza treinamento com fiscais"},"content":{"rendered":"\n<p>Fiscais do CEREST e da Vigil\u00e2ncia participaram de um treinamento na FUMSSAR.<\/p>\n\n\n\n<p>Fiscais do CEREST e da Vigil\u00e2ncia participaram de um treinamento na FUMSSAR. A atividade foi ministrada pelas psic\u00f3logas Fl\u00e1via Albuquerque e Lidiene Superti. Na oportunidade, os profissionais desenvolveram atividades te\u00f3ricas e pr\u00e1ticas sobre abordagem p\u00fablica, a partir das normativas municipais. As a\u00e7\u00f5es em rela\u00e7\u00e3o ao covid-19, vem sendo realizadas h\u00e1 meses pelos fiscais e pelos demais profissionais da FUMSSAR, que est\u00e3o sempre em constante aperfei\u00e7oamento e atualiza\u00e7\u00e3o de acordo com os decretos. \u201c\u00c9 importante que as pessoas se sintam acolhidas e bem orientadas sobre a import\u00e2ncia dos cuidados que todos devem ter. Estamos recebendo vacinas, mas a popula\u00e7\u00e3o n\u00e3o deve descuidar\u201d, destacou Fabiana Breitenbach. Um material informativo tamb\u00e9m ser\u00e1 entregue em Santa Rosa com orienta\u00e7\u00f5es.<\/p>\n","protected":false},"excerpt":{"rendered":"<p>Fiscais do CEREST e da Vigil\u00e2ncia participaram de um treinamento na FUMSSAR. Fiscais do CEREST e da Vigil\u00e2ncia participaram de<\/p>\n","protected":false},"author":3,"featured_media":1816,"comment_status":"open","ping_status":"open","sticky":false,"template":"","format":"standard","meta":{"footnotes":""},"categories":[4,8],"tags":[],"class_list":["post-1815","post","type-post","status-publish","format-standard","has-post-thumbnail","hentry","category-noticias","category-noticias-fumssar"],"aioseo_notices":[],"_links":{"self":[{"href":"https:\/\/prefeitura.santarosa.rs.gov.br\/index.php?rest_route=\/wp\/v2\/posts\/1815","targetHints":{"allow":["GET"]}}],"collection":[{"href":"https:\/\/prefeitura.santarosa.rs.gov.br\/index.php?rest_route=\/wp\/v2\/posts"}],"about":[{"href":"https:\/\/prefeitura.santarosa.rs.gov.br\/index.php?rest_route=\/wp\/v2\/types\/post"}],"author":[{"embeddable":true,"href":"https:\/\/prefeitura.santarosa.rs.gov.br\/index.php?rest_route=\/wp\/v2\/users\/3"}],"replies":[{"embeddable":true,"href":"https:\/\/prefeitura.santarosa.rs.gov.br\/index.php?rest_route=%2Fwp%2Fv2%2Fcomments&post=1815"}],"version-history":[{"count":1,"href":"https:\/\/prefeitura.santarosa.rs.gov.br\/index.php?rest_route=\/wp\/v2\/posts\/1815\/revisions"}],"predecessor-version":[{"id":1817,"href":"https:\/\/prefeitura.santarosa.rs.gov.br\/index.php?rest_route=\/wp\/v2\/posts\/1815\/revisions\/1817"}],"wp:featuredmedia":[{"embeddable":true,"href":"https:\/\/prefeitura.santarosa.rs.gov.br\/index.php?rest_route=\/wp\/v2\/media\/1816"}],"wp:attachment":[{"href":"https:\/\/prefeitura.santarosa.rs.gov.br\/index.php?rest_route=%2Fwp%2Fv2%2Fmedia&parent=1815"}],"wp:term":[{"taxonomy":"category","embeddable":true,"href":"https:\/\/prefeitura.santarosa.rs.gov.br\/index.php?rest_route=%2Fwp%2Fv2%2Fcategories&post=1815"},{"taxonomy":"post_tag","embeddable":true,"href":"https:\/\/prefeitura.santarosa.rs.gov.br\/index.php?rest_route=%2Fwp%2Fv2%2Ftags&post=1815"}],"curies":[{"name":"wp","href":"https:\/\/api.w.org\/{rel}","templated":true}]}}