{"id":18148,"date":"2026-09-03T09:19:25","date_gmt":"2026-09-03T12:19:25","guid":{"rendered":"https:\/\/prefeitura.santarosa.rs.gov.br\/?p=18148"},"modified":"2026-09-04T10:14:19","modified_gmt":"2026-09-04T13:14:19","slug":"semana-farroupilha-tera-programacao-com-destaque-para-cultura-e-tradicao","status":"publish","type":"post","link":"https:\/\/prefeitura.santarosa.rs.gov.br\/?p=18148","title":{"rendered":"Semana Farroupilha ter\u00e1 programa\u00e7\u00e3o com destaque para cultura e tradi\u00e7\u00e3o"},"content":{"rendered":"\n<figure class=\"wp-block-image size-large\"><img fetchpriority=\"high\" decoding=\"async\" width=\"1024\" height=\"576\" src=\"https:\/\/prefeitura.santarosa.rs.gov.br\/wp-content\/uploads\/2026\/09\/WhatsApp-Image-2026-09-03-at-16.10.10-1024x576.jpeg\" alt=\"\" class=\"wp-image-18149\" srcset=\"https:\/\/prefeitura.santarosa.rs.gov.br\/wp-content\/uploads\/2026\/09\/WhatsApp-Image-2026-09-03-at-16.10.10-1024x576.jpeg 1024w, https:\/\/prefeitura.santarosa.rs.gov.br\/wp-content\/uploads\/2026\/09\/WhatsApp-Image-2026-09-03-at-16.10.10-300x169.jpeg 300w, https:\/\/prefeitura.santarosa.rs.gov.br\/wp-content\/uploads\/2026\/09\/WhatsApp-Image-2026-09-03-at-16.10.10-768x432.jpeg 768w, https:\/\/prefeitura.santarosa.rs.gov.br\/wp-content\/uploads\/2026\/09\/WhatsApp-Image-2026-09-03-at-16.10.10-1536x864.jpeg 1536w, https:\/\/prefeitura.santarosa.rs.gov.br\/wp-content\/uploads\/2026\/09\/WhatsApp-Image-2026-09-03-at-16.10.10-2048x1152.jpeg 2048w\" sizes=\"(max-width: 1024px) 100vw, 1024px\" \/><\/figure>\n\n\n\n<p class=\"wp-block-paragraph\">Santa Rosa j\u00e1 definiu os principais momentos da Semana Farroupilha 2026. A programa\u00e7\u00e3o seguir\u00e1 o tema estadual \u201cHeran\u00e7a Jesu\u00edtica e Guarani no Rio Grande do Sul: 400 anos de cultura e tradi\u00e7\u00e3o\u201d. A tem\u00e1tica tamb\u00e9m ser\u00e1 trabalhada pelas entidades tradicionalistas do munic\u00edpio. As atividades v\u00e3o valorizar a hist\u00f3ria, a cultura e as tradi\u00e7\u00f5es do Rio Grande do Sul. Nesta semana, foi definido o patrono deste ano. O escolhido foi Paulo Roberto Dorneles.<\/p>\n\n\n\n<p class=\"wp-block-paragraph\">O patrono, Paulo Dorneles, participa do Movimento Tradicionalista h\u00e1 mais de 20 anos. Sua trajet\u00f3ria inclui atua\u00e7\u00e3o junto ao CTG Chama Crioula e ao Piquete Esteio do Rio Grande. Tamb\u00e9m foi vice-presidente e secret\u00e1rio do Conselho Municipal de Cultura. Atualmente, integra a diretoria da Associa\u00e7\u00e3o Tradicionalista de Santa Rosa e atua como diretor de Esportes da 3\u00aa Regi\u00e3o Tradicionalista. Para ele, o tradicionalismo est\u00e1 relacionado principalmente aos valores e a forma de viver a cultura, \u201cAcredito que o verdadeiro tradicionalismo n\u00e3o est\u00e1 no ter e sim no ser, na simplicidade do seu dia a dia, acolhendo a todos com respeito, cordialidade e hospitalidade\u201d.<\/p>\n\n\n\n<p class=\"wp-block-paragraph\">No dia 7 de setembro, no turno da manh\u00e3, ser\u00e1 recebida em Santa Rosa, a Chama Crioula. A guarda ser\u00e1 realizada pelo Piquete Parceria. A abertura oficial da Semana Farroupilha ir\u00e1 ocorrer no dia 13\/09, na Pra\u00e7a 10 de Agosto (Parc\u00e3o), com o ato de distribui\u00e7\u00e3o da Chama Crioula. Ao longo da semana, outras atividades ser\u00e3o realizadas junto \u00e0s entidades tradicionalistas do munic\u00edpio. A programa\u00e7\u00e3o vai reunir a\u00e7\u00f5es voltadas para a cultura, a conviv\u00eancia e a valoriza\u00e7\u00e3o das tradi\u00e7\u00f5es ga\u00fachas.<\/p>\n\n\n\n<p class=\"wp-block-paragraph\">O tradicional desfile de 20 de setembro tamb\u00e9m est\u00e1 confirmado. O evento ter\u00e1 in\u00edcio \u00e0s 9h, na Av. Expedicion\u00e1rio Weber, no trecho entre as r\u00f3tulas do Nicolini e do Taffarel. A Secret\u00e1ria de Educa\u00e7\u00e3o e Cultura, Lires Zimmermann F\u00fchr, destaca a import\u00e2ncia da participa\u00e7\u00e3o da comunidade, \u201cA Semana Farroupilha \u00e9 um momento de valorizar nossa cultura e nossas tradi\u00e7\u00f5es. Neste ano, tamb\u00e9m vamos destacar a heran\u00e7a Jesu\u00edtica e Guarani, fortalecendo o conhecimento sobre a forma\u00e7\u00e3o cultural do nosso Estado. Convidamos toda a popula\u00e7\u00e3o para participar das atividades e prestigiar as entidades tradicionalistas de Santa Rosa\u201d. Toda a comunidade est\u00e1 convidada para participar da programa\u00e7\u00e3o e acompanhar as atividades da Semana Farroupilha.<\/p>\n","protected":false},"excerpt":{"rendered":"<p>Santa Rosa j\u00e1 definiu os principais momentos da Semana Farroupilha 2026. A programa\u00e7\u00e3o seguir\u00e1 o tema estadual \u201cHeran\u00e7a Jesu\u00edtica e&hellip; <a class=\"continue\" href=\"https:\/\/prefeitura.santarosa.rs.gov.br\/?p=18148\">Leia mais<span> Semana Farroupilha ter\u00e1 programa\u00e7\u00e3o com destaque para cultura e tradi\u00e7\u00e3o<\/span><\/a><\/p>\n","protected":false},"author":12,"featured_media":18150,"comment_status":"closed","ping_status":"closed","sticky":false,"template":"","format":"standard","meta":{"colormag_page_container_layout":"default_layout","colormag_page_sidebar_layout":"default_layout","footnotes":""},"categories":[4,18],"tags":[],"class_list":["post-18148","post","type-post","status-publish","format-standard","has-post-thumbnail","hentry","category-noticias","category-secretaria-municipal-de-educacao-e-cultura"],"_links":{"self":[{"href":"https:\/\/prefeitura.santarosa.rs.gov.br\/index.php?rest_route=\/wp\/v2\/posts\/18148","targetHints":{"allow":["GET"]}}],"collection":[{"href":"https:\/\/prefeitura.santarosa.rs.gov.br\/index.php?rest_route=\/wp\/v2\/posts"}],"about":[{"href":"https:\/\/prefeitura.santarosa.rs.gov.br\/index.php?rest_route=\/wp\/v2\/types\/post"}],"author":[{"embeddable":true,"href":"https:\/\/prefeitura.santarosa.rs.gov.br\/index.php?rest_route=\/wp\/v2\/users\/12"}],"replies":[{"embeddable":true,"href":"https:\/\/prefeitura.santarosa.rs.gov.br\/index.php?rest_route=%2Fwp%2Fv2%2Fcomments&post=18148"}],"version-history":[{"count":1,"href":"https:\/\/prefeitura.santarosa.rs.gov.br\/index.php?rest_route=\/wp\/v2\/posts\/18148\/revisions"}],"predecessor-version":[{"id":18151,"href":"https:\/\/prefeitura.santarosa.rs.gov.br\/index.php?rest_route=\/wp\/v2\/posts\/18148\/revisions\/18151"}],"wp:featuredmedia":[{"embeddable":true,"href":"https:\/\/prefeitura.santarosa.rs.gov.br\/index.php?rest_route=\/wp\/v2\/media\/18150"}],"wp:attachment":[{"href":"https:\/\/prefeitura.santarosa.rs.gov.br\/index.php?rest_route=%2Fwp%2Fv2%2Fmedia&parent=18148"}],"wp:term":[{"taxonomy":"category","embeddable":true,"href":"https:\/\/prefeitura.santarosa.rs.gov.br\/index.php?rest_route=%2Fwp%2Fv2%2Fcategories&post=18148"},{"taxonomy":"post_tag","embeddable":true,"href":"https:\/\/prefeitura.santarosa.rs.gov.br\/index.php?rest_route=%2Fwp%2Fv2%2Ftags&post=18148"}],"curies":[{"name":"wp","href":"https:\/\/api.w.org\/{rel}","templated":true}]}}