{"id":18143,"date":"2026-09-03T14:37:44","date_gmt":"2026-09-03T17:37:44","guid":{"rendered":"https:\/\/prefeitura.santarosa.rs.gov.br\/?p=18143"},"modified":"2026-09-03T14:37:45","modified_gmt":"2026-09-03T17:37:45","slug":"comite-local-intersetorial-fortalece-acoes-do-programa-familia-gaucha-nos-cras-de-santa-rosa","status":"publish","type":"post","link":"https:\/\/prefeitura.santarosa.rs.gov.br\/?p=18143","title":{"rendered":"Comit\u00ea Local Intersetorial fortalece a\u00e7\u00f5es do Programa Fam\u00edlia Ga\u00facha nos CRAS de Santa Rosa"},"content":{"rendered":"\n<figure class=\"wp-block-image size-large\"><img fetchpriority=\"high\" decoding=\"async\" width=\"1024\" height=\"768\" src=\"https:\/\/prefeitura.santarosa.rs.gov.br\/wp-content\/uploads\/2026\/09\/WhatsApp-Image-2026-09-03-at-14.28.13-1024x768.jpeg\" alt=\"\" class=\"wp-image-18144\" srcset=\"https:\/\/prefeitura.santarosa.rs.gov.br\/wp-content\/uploads\/2026\/09\/WhatsApp-Image-2026-09-03-at-14.28.13-1024x768.jpeg 1024w, https:\/\/prefeitura.santarosa.rs.gov.br\/wp-content\/uploads\/2026\/09\/WhatsApp-Image-2026-09-03-at-14.28.13-300x225.jpeg 300w, https:\/\/prefeitura.santarosa.rs.gov.br\/wp-content\/uploads\/2026\/09\/WhatsApp-Image-2026-09-03-at-14.28.13-768x576.jpeg 768w, https:\/\/prefeitura.santarosa.rs.gov.br\/wp-content\/uploads\/2026\/09\/WhatsApp-Image-2026-09-03-at-14.28.13.jpeg 1280w\" sizes=\"(max-width: 1024px) 100vw, 1024px\" \/><\/figure>\n\n\n\n<p class=\"wp-block-paragraph\">Na \u00faltima semana, foram realizadas em Santa Rosa, reuni\u00f5es dos dois comit\u00eas que integram o Programa de Enfrentamento \u00e0 Pobreza e Vulnerabilidades Sociais &#8211; Programa Fam\u00edlia Ga\u00facha (PFG). Os encontros aconteceram no CRAS V\u00f3 Maria Pedrazza e Aldi Pedro Brand\u00e3o e contaram com a presen\u00e7a de Tainara Kuyven, consultora da UNESCO, e Flaviane Rats, coordenadora regional do Programa Fam\u00edlia Ga\u00facha. Na oportunidade, os participantes receberam orienta\u00e7\u00f5es para o fortalecimento das a\u00e7\u00f5es desenvolvidas no munic\u00edpio.<\/p>\n\n\n\n<p class=\"wp-block-paragraph\">Durante a reuni\u00e3o, foram discutidas estrat\u00e9gias para o enfrentamento das vulnerabilidades sociais, o fortalecimento da rede de prote\u00e7\u00e3o e a constru\u00e7\u00e3o de a\u00e7\u00f5es voltadas para as fam\u00edlias acompanhadas pelo programa. Para a Secret\u00e1ria de Desenvolvimento Social, Deolmira Girardi, o trabalho conjunto \u00e9 essencial para fortalecer a prote\u00e7\u00e3o social, \u201c\u00c9 fundamental que possamos olhar para as fam\u00edlias de forma integral, unindo esfor\u00e7os e construindo estrat\u00e9gias que atendam as necessidades de cada territ\u00f3rio. O Comit\u00ea Local auxilia nessa constru\u00e7\u00e3o coletiva e reafirma nosso compromisso com a prote\u00e7\u00e3o social, a garantia de direitos e o enfrentamento das vulnerabilidades\u201d.<\/p>\n\n\n\n<p class=\"wp-block-paragraph\">O Comit\u00ea possui um papel fundamental na valida\u00e7\u00e3o t\u00e9cnica, no acompanhamento e no planejamento das a\u00e7\u00f5es, promovendo uma gest\u00e3o participativa e a articula\u00e7\u00e3o entre diferentes pol\u00edticas p\u00fablicas e servi\u00e7os.<\/p>\n","protected":false},"excerpt":{"rendered":"<p>Na \u00faltima semana, foram realizadas em Santa Rosa, reuni\u00f5es dos dois comit\u00eas que integram o Programa de Enfrentamento \u00e0 Pobreza&hellip; <a class=\"continue\" href=\"https:\/\/prefeitura.santarosa.rs.gov.br\/?p=18143\">Leia mais<span> Comit\u00ea Local Intersetorial fortalece a\u00e7\u00f5es do Programa Fam\u00edlia Ga\u00facha nos CRAS de Santa Rosa<\/span><\/a><\/p>\n","protected":false},"author":12,"featured_media":18145,"comment_status":"closed","ping_status":"closed","sticky":false,"template":"","format":"standard","meta":{"colormag_page_container_layout":"default_layout","colormag_page_sidebar_layout":"default_layout","footnotes":""},"categories":[4,17],"tags":[],"class_list":["post-18143","post","type-post","status-publish","format-standard","has-post-thumbnail","hentry","category-noticias","category-secretaria-municipal-de-desenvolvimento-social"],"_links":{"self":[{"href":"https:\/\/prefeitura.santarosa.rs.gov.br\/index.php?rest_route=\/wp\/v2\/posts\/18143","targetHints":{"allow":["GET"]}}],"collection":[{"href":"https:\/\/prefeitura.santarosa.rs.gov.br\/index.php?rest_route=\/wp\/v2\/posts"}],"about":[{"href":"https:\/\/prefeitura.santarosa.rs.gov.br\/index.php?rest_route=\/wp\/v2\/types\/post"}],"author":[{"embeddable":true,"href":"https:\/\/prefeitura.santarosa.rs.gov.br\/index.php?rest_route=\/wp\/v2\/users\/12"}],"replies":[{"embeddable":true,"href":"https:\/\/prefeitura.santarosa.rs.gov.br\/index.php?rest_route=%2Fwp%2Fv2%2Fcomments&post=18143"}],"version-history":[{"count":1,"href":"https:\/\/prefeitura.santarosa.rs.gov.br\/index.php?rest_route=\/wp\/v2\/posts\/18143\/revisions"}],"predecessor-version":[{"id":18146,"href":"https:\/\/prefeitura.santarosa.rs.gov.br\/index.php?rest_route=\/wp\/v2\/posts\/18143\/revisions\/18146"}],"wp:featuredmedia":[{"embeddable":true,"href":"https:\/\/prefeitura.santarosa.rs.gov.br\/index.php?rest_route=\/wp\/v2\/media\/18145"}],"wp:attachment":[{"href":"https:\/\/prefeitura.santarosa.rs.gov.br\/index.php?rest_route=%2Fwp%2Fv2%2Fmedia&parent=18143"}],"wp:term":[{"taxonomy":"category","embeddable":true,"href":"https:\/\/prefeitura.santarosa.rs.gov.br\/index.php?rest_route=%2Fwp%2Fv2%2Fcategories&post=18143"},{"taxonomy":"post_tag","embeddable":true,"href":"https:\/\/prefeitura.santarosa.rs.gov.br\/index.php?rest_route=%2Fwp%2Fv2%2Ftags&post=18143"}],"curies":[{"name":"wp","href":"https:\/\/api.w.org\/{rel}","templated":true}]}}