{"id":18134,"date":"2026-09-03T08:21:23","date_gmt":"2026-09-03T11:21:23","guid":{"rendered":"https:\/\/prefeitura.santarosa.rs.gov.br\/?p=18134"},"modified":"2026-09-03T08:21:24","modified_gmt":"2026-09-03T11:21:24","slug":"obra-do-novo-cer-ii-avanca","status":"publish","type":"post","link":"https:\/\/prefeitura.santarosa.rs.gov.br\/?p=18134","title":{"rendered":"Obra do novo CER II avan\u00e7a"},"content":{"rendered":"\n<figure class=\"wp-block-image size-large\"><img fetchpriority=\"high\" decoding=\"async\" width=\"1024\" height=\"682\" src=\"https:\/\/prefeitura.santarosa.rs.gov.br\/wp-content\/uploads\/2026\/09\/WhatsApp-Image-2026-09-03-at-08.16.23-1024x682.jpeg\" alt=\"\" class=\"wp-image-18135\" srcset=\"https:\/\/prefeitura.santarosa.rs.gov.br\/wp-content\/uploads\/2026\/09\/WhatsApp-Image-2026-09-03-at-08.16.23-1024x682.jpeg 1024w, https:\/\/prefeitura.santarosa.rs.gov.br\/wp-content\/uploads\/2026\/09\/WhatsApp-Image-2026-09-03-at-08.16.23-300x200.jpeg 300w, https:\/\/prefeitura.santarosa.rs.gov.br\/wp-content\/uploads\/2026\/09\/WhatsApp-Image-2026-09-03-at-08.16.23-767x511.jpeg 767w, https:\/\/prefeitura.santarosa.rs.gov.br\/wp-content\/uploads\/2026\/09\/WhatsApp-Image-2026-09-03-at-08.16.23-1536x1024.jpeg 1536w, https:\/\/prefeitura.santarosa.rs.gov.br\/wp-content\/uploads\/2026\/09\/WhatsApp-Image-2026-09-03-at-08.16.23-2048x1365.jpeg 2048w\" sizes=\"(max-width: 1024px) 100vw, 1024px\" \/><\/figure>\n\n\n\n<p class=\"wp-block-paragraph\">As obras do novo Centro Especializado em Reabilita\u00e7\u00e3o Auditiva e Intelectual (CER II), no bairro Cruzeiro, seguem avan\u00e7ando. O projeto j\u00e1 alcan\u00e7ou 35% de execu\u00e7\u00e3o. Neste momento, as equipes trabalham na execu\u00e7\u00e3o da cobertura. As pr\u00f3ximas etapas incluem os revestimentos e as instala\u00e7\u00f5es hidrossanit\u00e1rias e el\u00e9tricas.<\/p>\n\n\n\n<p class=\"wp-block-paragraph\">O novo CER II ter\u00e1 uma estrutura moderna e adaptada para diferentes necessidades. O investimento supera R$ 5,2 milh\u00f5es. A estrutura ter\u00e1 1.430,89 m\u00b2 de \u00e1rea constru\u00edda. Um dos diferenciais ser\u00e1 o atendimento para pessoas com Transtorno do Espectro Autista (TEA). As salas destinadas para esse p\u00fablico ter\u00e3o tratamento ac\u00fastico especial. Os espa\u00e7os para atividades pr\u00e1ticas e estimula\u00e7\u00e3o precoce tamb\u00e9m ir\u00e3o contar com estruturas met\u00e1licas para atividades suspensas. Os recursos ser\u00e3o utilizados pelas equipes de fisioterapia e terapia ocupacional.<\/p>\n\n\n\n<p class=\"wp-block-paragraph\">O projeto ainda contempla 10 consult\u00f3rios e seis salas de terapias. Tamb\u00e9m est\u00e3o previstos audit\u00f3rio com capacidade para 36 pessoas e sala de audiometria com tratamento ac\u00fastico completo. Para o Presidente da FUMSSAR, D\u00e9lcio Stefan, a nova estrutura representa um avan\u00e7o na oferta de servi\u00e7os especializados, \u201cO novo CER amplia a capacidade de atendimento e oferece um espa\u00e7o preparado para diferentes necessidades. \u00c9 um investimento importante para qualificar a reabilita\u00e7\u00e3o e proporcionar mais conforto e seguran\u00e7a aos usu\u00e1rios e suas fam\u00edlias\u201d.<\/p>\n\n\n\n<p class=\"wp-block-paragraph\">A estrutura ter\u00e1 ainda recep\u00e7\u00e3o, \u00e1rea administrativa, sala de reuni\u00f5es, copa, almoxarifado, dep\u00f3sito, vesti\u00e1rios, frald\u00e1rios e sanit\u00e1rios acess\u00edveis. A obra est\u00e1 sendo constru\u00edda na Rua Germano Dockhorn, ao lado do CRAS do bairro Cruzeiro.<\/p>\n","protected":false},"excerpt":{"rendered":"<p>As obras do novo Centro Especializado em Reabilita\u00e7\u00e3o Auditiva e Intelectual (CER II), no bairro Cruzeiro, seguem avan\u00e7ando. O projeto&hellip; <a class=\"continue\" href=\"https:\/\/prefeitura.santarosa.rs.gov.br\/?p=18134\">Leia mais<span> Obra do novo CER II avan\u00e7a<\/span><\/a><\/p>\n","protected":false},"author":12,"featured_media":18136,"comment_status":"closed","ping_status":"closed","sticky":false,"template":"","format":"standard","meta":{"colormag_page_container_layout":"default_layout","colormag_page_sidebar_layout":"default_layout","footnotes":""},"categories":[4,22],"tags":[],"class_list":["post-18134","post","type-post","status-publish","format-standard","has-post-thumbnail","hentry","category-noticias","category-secretaria-municipal-de-planejamento-e-habitacao"],"_links":{"self":[{"href":"https:\/\/prefeitura.santarosa.rs.gov.br\/index.php?rest_route=\/wp\/v2\/posts\/18134","targetHints":{"allow":["GET"]}}],"collection":[{"href":"https:\/\/prefeitura.santarosa.rs.gov.br\/index.php?rest_route=\/wp\/v2\/posts"}],"about":[{"href":"https:\/\/prefeitura.santarosa.rs.gov.br\/index.php?rest_route=\/wp\/v2\/types\/post"}],"author":[{"embeddable":true,"href":"https:\/\/prefeitura.santarosa.rs.gov.br\/index.php?rest_route=\/wp\/v2\/users\/12"}],"replies":[{"embeddable":true,"href":"https:\/\/prefeitura.santarosa.rs.gov.br\/index.php?rest_route=%2Fwp%2Fv2%2Fcomments&post=18134"}],"version-history":[{"count":1,"href":"https:\/\/prefeitura.santarosa.rs.gov.br\/index.php?rest_route=\/wp\/v2\/posts\/18134\/revisions"}],"predecessor-version":[{"id":18137,"href":"https:\/\/prefeitura.santarosa.rs.gov.br\/index.php?rest_route=\/wp\/v2\/posts\/18134\/revisions\/18137"}],"wp:featuredmedia":[{"embeddable":true,"href":"https:\/\/prefeitura.santarosa.rs.gov.br\/index.php?rest_route=\/wp\/v2\/media\/18136"}],"wp:attachment":[{"href":"https:\/\/prefeitura.santarosa.rs.gov.br\/index.php?rest_route=%2Fwp%2Fv2%2Fmedia&parent=18134"}],"wp:term":[{"taxonomy":"category","embeddable":true,"href":"https:\/\/prefeitura.santarosa.rs.gov.br\/index.php?rest_route=%2Fwp%2Fv2%2Fcategories&post=18134"},{"taxonomy":"post_tag","embeddable":true,"href":"https:\/\/prefeitura.santarosa.rs.gov.br\/index.php?rest_route=%2Fwp%2Fv2%2Ftags&post=18134"}],"curies":[{"name":"wp","href":"https:\/\/api.w.org\/{rel}","templated":true}]}}