{"id":18130,"date":"2026-09-02T16:18:48","date_gmt":"2026-09-02T19:18:48","guid":{"rendered":"https:\/\/prefeitura.santarosa.rs.gov.br\/?p=18130"},"modified":"2026-09-02T16:18:49","modified_gmt":"2026-09-02T19:18:49","slug":"confira-o-horario-especial-do-mercado-publico-no-feriado-de-7-de-setembro","status":"publish","type":"post","link":"https:\/\/prefeitura.santarosa.rs.gov.br\/?p=18130","title":{"rendered":"Confira o hor\u00e1rio especial do Mercado P\u00fablico no feriado de 7 de Setembro"},"content":{"rendered":"\n<figure class=\"wp-block-image size-large\"><img fetchpriority=\"high\" decoding=\"async\" width=\"1024\" height=\"691\" src=\"https:\/\/prefeitura.santarosa.rs.gov.br\/wp-content\/uploads\/2026\/09\/Formato-Portal-do-Cidadao-1600X1080JPG-2026-09-02T161802.388-1024x691.jpg\" alt=\"\" class=\"wp-image-18131\" srcset=\"https:\/\/prefeitura.santarosa.rs.gov.br\/wp-content\/uploads\/2026\/09\/Formato-Portal-do-Cidadao-1600X1080JPG-2026-09-02T161802.388-1024x691.jpg 1024w, https:\/\/prefeitura.santarosa.rs.gov.br\/wp-content\/uploads\/2026\/09\/Formato-Portal-do-Cidadao-1600X1080JPG-2026-09-02T161802.388-300x203.jpg 300w, https:\/\/prefeitura.santarosa.rs.gov.br\/wp-content\/uploads\/2026\/09\/Formato-Portal-do-Cidadao-1600X1080JPG-2026-09-02T161802.388-767x518.jpg 767w, https:\/\/prefeitura.santarosa.rs.gov.br\/wp-content\/uploads\/2026\/09\/Formato-Portal-do-Cidadao-1600X1080JPG-2026-09-02T161802.388-1536x1037.jpg 1536w, https:\/\/prefeitura.santarosa.rs.gov.br\/wp-content\/uploads\/2026\/09\/Formato-Portal-do-Cidadao-1600X1080JPG-2026-09-02T161802.388.jpg 1600w\" sizes=\"(max-width: 1024px) 100vw, 1024px\" \/><\/figure>\n\n\n\n<p class=\"wp-block-paragraph\">Na pr\u00f3xima segunda-feira, feriado de 7 de Setembro, o Mercado P\u00fablico Eclair Moranginski ter\u00e1 hor\u00e1rio especial de atendimento.<\/p>\n\n\n\n<p class=\"wp-block-paragraph\">Pela manh\u00e3, o espa\u00e7o estar\u00e1 aberto das 8h ao meio-dia. No per\u00edodo da tarde, o atendimento ser\u00e1 das 16h30 \u00e0s 19h.<\/p>\n\n\n\n<p class=\"wp-block-paragraph\">Aproveite o feriado para prestigiar os produtores locais e valorizar a economia de Santa Rosa. No Mercado P\u00fablico voc\u00ea encontra produtos frescos, qualidade e variedade.<\/p>\n","protected":false},"excerpt":{"rendered":"<p>Na pr\u00f3xima segunda-feira, feriado de 7 de Setembro, o Mercado P\u00fablico Eclair Moranginski ter\u00e1 hor\u00e1rio especial de atendimento. Pela manh\u00e3,&hellip; <a class=\"continue\" href=\"https:\/\/prefeitura.santarosa.rs.gov.br\/?p=18130\">Leia mais<span> Confira o hor\u00e1rio especial do Mercado P\u00fablico no feriado de 7 de Setembro<\/span><\/a><\/p>\n","protected":false},"author":12,"featured_media":18132,"comment_status":"closed","ping_status":"closed","sticky":false,"template":"","format":"standard","meta":{"colormag_page_container_layout":"default_layout","colormag_page_sidebar_layout":"default_layout","footnotes":""},"categories":[4,16],"tags":[],"class_list":["post-18130","post","type-post","status-publish","format-standard","has-post-thumbnail","hentry","category-noticias","category-secretaria-municipal-de-desenvolvimento-economico-turismo-e-tecnologia"],"_links":{"self":[{"href":"https:\/\/prefeitura.santarosa.rs.gov.br\/index.php?rest_route=\/wp\/v2\/posts\/18130","targetHints":{"allow":["GET"]}}],"collection":[{"href":"https:\/\/prefeitura.santarosa.rs.gov.br\/index.php?rest_route=\/wp\/v2\/posts"}],"about":[{"href":"https:\/\/prefeitura.santarosa.rs.gov.br\/index.php?rest_route=\/wp\/v2\/types\/post"}],"author":[{"embeddable":true,"href":"https:\/\/prefeitura.santarosa.rs.gov.br\/index.php?rest_route=\/wp\/v2\/users\/12"}],"replies":[{"embeddable":true,"href":"https:\/\/prefeitura.santarosa.rs.gov.br\/index.php?rest_route=%2Fwp%2Fv2%2Fcomments&post=18130"}],"version-history":[{"count":1,"href":"https:\/\/prefeitura.santarosa.rs.gov.br\/index.php?rest_route=\/wp\/v2\/posts\/18130\/revisions"}],"predecessor-version":[{"id":18133,"href":"https:\/\/prefeitura.santarosa.rs.gov.br\/index.php?rest_route=\/wp\/v2\/posts\/18130\/revisions\/18133"}],"wp:featuredmedia":[{"embeddable":true,"href":"https:\/\/prefeitura.santarosa.rs.gov.br\/index.php?rest_route=\/wp\/v2\/media\/18132"}],"wp:attachment":[{"href":"https:\/\/prefeitura.santarosa.rs.gov.br\/index.php?rest_route=%2Fwp%2Fv2%2Fmedia&parent=18130"}],"wp:term":[{"taxonomy":"category","embeddable":true,"href":"https:\/\/prefeitura.santarosa.rs.gov.br\/index.php?rest_route=%2Fwp%2Fv2%2Fcategories&post=18130"},{"taxonomy":"post_tag","embeddable":true,"href":"https:\/\/prefeitura.santarosa.rs.gov.br\/index.php?rest_route=%2Fwp%2Fv2%2Ftags&post=18130"}],"curies":[{"name":"wp","href":"https:\/\/api.w.org\/{rel}","templated":true}]}}