{"id":18126,"date":"2026-09-02T16:11:01","date_gmt":"2026-09-02T19:11:01","guid":{"rendered":"https:\/\/prefeitura.santarosa.rs.gov.br\/?p=18126"},"modified":"2026-09-02T16:11:03","modified_gmt":"2026-09-02T19:11:03","slug":"seminario-artesao-em-foco-reune-participantes-para-capacitacao-em-santa-rosa","status":"publish","type":"post","link":"https:\/\/prefeitura.santarosa.rs.gov.br\/?p=18126","title":{"rendered":"Semin\u00e1rio Artes\u00e3o em Foco re\u00fane participantes para capacita\u00e7\u00e3o em Santa Rosa"},"content":{"rendered":"\n<figure class=\"wp-block-image size-large\"><img fetchpriority=\"high\" decoding=\"async\" width=\"1024\" height=\"576\" src=\"https:\/\/prefeitura.santarosa.rs.gov.br\/wp-content\/uploads\/2026\/09\/WhatsApp-Image-2026-09-02-at-16.08.42-1024x576.jpeg\" alt=\"\" class=\"wp-image-18127\" srcset=\"https:\/\/prefeitura.santarosa.rs.gov.br\/wp-content\/uploads\/2026\/09\/WhatsApp-Image-2026-09-02-at-16.08.42-1024x576.jpeg 1024w, https:\/\/prefeitura.santarosa.rs.gov.br\/wp-content\/uploads\/2026\/09\/WhatsApp-Image-2026-09-02-at-16.08.42-300x169.jpeg 300w, https:\/\/prefeitura.santarosa.rs.gov.br\/wp-content\/uploads\/2026\/09\/WhatsApp-Image-2026-09-02-at-16.08.42-768x432.jpeg 768w, https:\/\/prefeitura.santarosa.rs.gov.br\/wp-content\/uploads\/2026\/09\/WhatsApp-Image-2026-09-02-at-16.08.42.jpeg 1280w\" sizes=\"(max-width: 1024px) 100vw, 1024px\" \/><\/figure>\n\n\n\n<p class=\"wp-block-paragraph\">Santa Rosa recebeu, nos dias 1\u00ba e 2 de setembro, o Semin\u00e1rio Regional Artes\u00e3o em Foco. O evento foi realizado no Audit\u00f3rio do Centro Cultural Prof. Fioravante Pedrazini. A programa\u00e7\u00e3o foi gratuita e reuniu cerca de 30 participantes. O semin\u00e1rio teve carga hor\u00e1ria de 16 horas.<\/p>\n\n\n\n<p class=\"wp-block-paragraph\">A iniciativa foi promovida pelo Governo do Estado, por meio da Secretaria de Trabalho e Desenvolvimento Profissional (STDP), em parceria com a FGTAS e o Munic\u00edpio de Santa Rosa. Durante os dois dias, os participantes tiveram acesso a palestras, workshops e atividades de capacita\u00e7\u00e3o. Tamb\u00e9m foram oferecidos servi\u00e7os de avalia\u00e7\u00e3o e renova\u00e7\u00e3o da Carteira do Artes\u00e3o.<\/p>\n\n\n\n<p class=\"wp-block-paragraph\">Nesta quarta-feira (2), o vice-prefeito Aldemir Ulrich acompanhou o encerramento do semin\u00e1rio e participou da entrega dos certificados aos participantes, \u201c\u00c9 muito importante receber iniciativas que valorizam o trabalho dos artes\u00e3os e ampliam as oportunidades de qualifica\u00e7\u00e3o. A capacita\u00e7\u00e3o contribui para fortalecer o setor e valorizar os produtos que representam a identidade da nossa cidade e regi\u00e3o\u201d, destacou Ulrich.<\/p>\n\n\n\n<p class=\"wp-block-paragraph\">Durante os dois dias de evento, os participantes tamb\u00e9m receberam conte\u00fados sobre posicionamento, comunica\u00e7\u00e3o, vendas nas redes sociais e exposi\u00e7\u00e3o de produtos.<\/p>\n","protected":false},"excerpt":{"rendered":"<p>Santa Rosa recebeu, nos dias 1\u00ba e 2 de setembro, o Semin\u00e1rio Regional Artes\u00e3o em Foco. O evento foi realizado&hellip; <a class=\"continue\" href=\"https:\/\/prefeitura.santarosa.rs.gov.br\/?p=18126\">Leia mais<span> Semin\u00e1rio Artes\u00e3o em Foco re\u00fane participantes para capacita\u00e7\u00e3o em Santa Rosa<\/span><\/a><\/p>\n","protected":false},"author":12,"featured_media":18128,"comment_status":"closed","ping_status":"closed","sticky":false,"template":"","format":"standard","meta":{"colormag_page_container_layout":"default_layout","colormag_page_sidebar_layout":"default_layout","footnotes":""},"categories":[4,18],"tags":[],"class_list":["post-18126","post","type-post","status-publish","format-standard","has-post-thumbnail","hentry","category-noticias","category-secretaria-municipal-de-educacao-e-cultura"],"_links":{"self":[{"href":"https:\/\/prefeitura.santarosa.rs.gov.br\/index.php?rest_route=\/wp\/v2\/posts\/18126","targetHints":{"allow":["GET"]}}],"collection":[{"href":"https:\/\/prefeitura.santarosa.rs.gov.br\/index.php?rest_route=\/wp\/v2\/posts"}],"about":[{"href":"https:\/\/prefeitura.santarosa.rs.gov.br\/index.php?rest_route=\/wp\/v2\/types\/post"}],"author":[{"embeddable":true,"href":"https:\/\/prefeitura.santarosa.rs.gov.br\/index.php?rest_route=\/wp\/v2\/users\/12"}],"replies":[{"embeddable":true,"href":"https:\/\/prefeitura.santarosa.rs.gov.br\/index.php?rest_route=%2Fwp%2Fv2%2Fcomments&post=18126"}],"version-history":[{"count":1,"href":"https:\/\/prefeitura.santarosa.rs.gov.br\/index.php?rest_route=\/wp\/v2\/posts\/18126\/revisions"}],"predecessor-version":[{"id":18129,"href":"https:\/\/prefeitura.santarosa.rs.gov.br\/index.php?rest_route=\/wp\/v2\/posts\/18126\/revisions\/18129"}],"wp:featuredmedia":[{"embeddable":true,"href":"https:\/\/prefeitura.santarosa.rs.gov.br\/index.php?rest_route=\/wp\/v2\/media\/18128"}],"wp:attachment":[{"href":"https:\/\/prefeitura.santarosa.rs.gov.br\/index.php?rest_route=%2Fwp%2Fv2%2Fmedia&parent=18126"}],"wp:term":[{"taxonomy":"category","embeddable":true,"href":"https:\/\/prefeitura.santarosa.rs.gov.br\/index.php?rest_route=%2Fwp%2Fv2%2Fcategories&post=18126"},{"taxonomy":"post_tag","embeddable":true,"href":"https:\/\/prefeitura.santarosa.rs.gov.br\/index.php?rest_route=%2Fwp%2Fv2%2Ftags&post=18126"}],"curies":[{"name":"wp","href":"https:\/\/api.w.org\/{rel}","templated":true}]}}