{"id":18122,"date":"2026-09-02T10:33:20","date_gmt":"2026-09-02T13:33:20","guid":{"rendered":"https:\/\/prefeitura.santarosa.rs.gov.br\/?p=18122"},"modified":"2026-09-02T10:33:21","modified_gmt":"2026-09-02T13:33:21","slug":"regularize-sua-situacao-militar-antes-de-solicitar-o-passaporte","status":"publish","type":"post","link":"https:\/\/prefeitura.santarosa.rs.gov.br\/?p=18122","title":{"rendered":"Regularize sua situa\u00e7\u00e3o militar antes de solicitar o passaporte"},"content":{"rendered":"\n<figure class=\"wp-block-image size-large\"><img fetchpriority=\"high\" decoding=\"async\" width=\"1024\" height=\"691\" src=\"https:\/\/prefeitura.santarosa.rs.gov.br\/wp-content\/uploads\/2026\/09\/Formato-Portal-do-Cidadao-1600X1080JPG-2026-09-02T103223.344-1024x691.jpg\" alt=\"\" class=\"wp-image-18123\" srcset=\"https:\/\/prefeitura.santarosa.rs.gov.br\/wp-content\/uploads\/2026\/09\/Formato-Portal-do-Cidadao-1600X1080JPG-2026-09-02T103223.344-1024x691.jpg 1024w, https:\/\/prefeitura.santarosa.rs.gov.br\/wp-content\/uploads\/2026\/09\/Formato-Portal-do-Cidadao-1600X1080JPG-2026-09-02T103223.344-300x203.jpg 300w, https:\/\/prefeitura.santarosa.rs.gov.br\/wp-content\/uploads\/2026\/09\/Formato-Portal-do-Cidadao-1600X1080JPG-2026-09-02T103223.344-767x518.jpg 767w, https:\/\/prefeitura.santarosa.rs.gov.br\/wp-content\/uploads\/2026\/09\/Formato-Portal-do-Cidadao-1600X1080JPG-2026-09-02T103223.344-1536x1037.jpg 1536w, https:\/\/prefeitura.santarosa.rs.gov.br\/wp-content\/uploads\/2026\/09\/Formato-Portal-do-Cidadao-1600X1080JPG-2026-09-02T103223.344.jpg 1600w\" sizes=\"(max-width: 1024px) 100vw, 1024px\" \/><\/figure>\n\n\n\n<p class=\"wp-block-paragraph\">Para emitir ou validar o passaporte junto \u00e0 Pol\u00edcia Federal, \u00e9 necess\u00e1rio estar em dia com o Servi\u00e7o Militar.<\/p>\n\n\n\n<p class=\"wp-block-paragraph\">Antes de solicitar o agendamento para emiss\u00e3o do passaporte, verifique sua situa\u00e7\u00e3o militar.<\/p>\n\n\n\n<p class=\"wp-block-paragraph\">Entre em contato com a Junta do Servi\u00e7o Militar ou consulte o site oficial do alistamento: alistamento.eb.mil.br.<\/p>\n\n\n\n<p class=\"wp-block-paragraph\">Quem estiver em d\u00e9bito com o Servi\u00e7o Militar pode ter impedimentos para obter ou prorrogar o passaporte, participar de concursos p\u00fablicos, matricular-se em institui\u00e7\u00f5es de ensino, exercer fun\u00e7\u00f5es p\u00fablicas, entre outras situa\u00e7\u00f5es previstas em lei.<\/p>\n\n\n\n<p class=\"wp-block-paragraph\">A obriga\u00e7\u00e3o com o Servi\u00e7o Militar come\u00e7a no dia 1\u00ba de janeiro do ano em que o cidad\u00e3o completa 18 anos e permanece at\u00e9 31 de dezembro do ano em que completa 45 anos.<\/p>\n\n\n\n<p class=\"wp-block-paragraph\">Quem estiver em d\u00e9bito com o Servi\u00e7o Militar n\u00e3o poder\u00e1:<\/p>\n\n\n\n<ol class=\"wp-block-list\">\n<li>obter passaporte ou prorroga\u00e7\u00e3o de sua validade;<\/li>\n\n\n\n<li>ingressar como funcion\u00e1rio, empregado ou associado em institui\u00e7\u00e3o, empresa ou associa\u00e7\u00e3o oficial, oficializada ou subvencionada;<\/li>\n\n\n\n<li>assinar contrato com o Governo Federal, Estadual, dos Territ\u00f3rios ou Munic\u00edpios;<\/li>\n\n\n\n<li>prestar exame ou matricular-se em qualquer estabelecimento de ensino;<\/li>\n\n\n\n<li>obter carteira profissional, registro de diploma de profiss\u00f5es liberais, matr\u00edcula ou inscri\u00e7\u00e3o para o exerc\u00edcio de qualquer fun\u00e7\u00e3o e licen\u00e7a de ind\u00fastria e profiss\u00e3o;<\/li>\n\n\n\n<li>inscrever-se em concurso para provimento de cargo p\u00fablico;<\/li>\n\n\n\n<li>exercer, a qualquer t\u00edtulo, sem distin\u00e7\u00e3o de categoria ou forma de pagamento, qualquer fun\u00e7\u00e3o p\u00fablica ou cargo p\u00fablico, eletivos ou de nomea\u00e7\u00e3o;<\/li>\n\n\n\n<li>receber qualquer pr\u00eamio ou favor do Governo Federal, Estadual, dos Territ\u00f3rios ou Munic\u00edpios.<\/li>\n<\/ol>\n\n\n\n<p class=\"wp-block-paragraph\">Mais informa\u00e7\u00f5es na Junta Militar de Santa Rosa junto \u00e0 Prefeitura Municipal.<\/p>\n","protected":false},"excerpt":{"rendered":"<p>Para emitir ou validar o passaporte junto \u00e0 Pol\u00edcia Federal, \u00e9 necess\u00e1rio estar em dia com o Servi\u00e7o Militar. Antes&hellip; <a class=\"continue\" href=\"https:\/\/prefeitura.santarosa.rs.gov.br\/?p=18122\">Leia mais<span> Regularize sua situa\u00e7\u00e3o militar antes de solicitar o passaporte<\/span><\/a><\/p>\n","protected":false},"author":12,"featured_media":18124,"comment_status":"closed","ping_status":"closed","sticky":false,"template":"","format":"standard","meta":{"colormag_page_container_layout":"default_layout","colormag_page_sidebar_layout":"default_layout","footnotes":""},"categories":[4,15],"tags":[],"class_list":["post-18122","post","type-post","status-publish","format-standard","has-post-thumbnail","hentry","category-noticias","category-secretaria-municipal-de-comunicacao"],"_links":{"self":[{"href":"https:\/\/prefeitura.santarosa.rs.gov.br\/index.php?rest_route=\/wp\/v2\/posts\/18122","targetHints":{"allow":["GET"]}}],"collection":[{"href":"https:\/\/prefeitura.santarosa.rs.gov.br\/index.php?rest_route=\/wp\/v2\/posts"}],"about":[{"href":"https:\/\/prefeitura.santarosa.rs.gov.br\/index.php?rest_route=\/wp\/v2\/types\/post"}],"author":[{"embeddable":true,"href":"https:\/\/prefeitura.santarosa.rs.gov.br\/index.php?rest_route=\/wp\/v2\/users\/12"}],"replies":[{"embeddable":true,"href":"https:\/\/prefeitura.santarosa.rs.gov.br\/index.php?rest_route=%2Fwp%2Fv2%2Fcomments&post=18122"}],"version-history":[{"count":1,"href":"https:\/\/prefeitura.santarosa.rs.gov.br\/index.php?rest_route=\/wp\/v2\/posts\/18122\/revisions"}],"predecessor-version":[{"id":18125,"href":"https:\/\/prefeitura.santarosa.rs.gov.br\/index.php?rest_route=\/wp\/v2\/posts\/18122\/revisions\/18125"}],"wp:featuredmedia":[{"embeddable":true,"href":"https:\/\/prefeitura.santarosa.rs.gov.br\/index.php?rest_route=\/wp\/v2\/media\/18124"}],"wp:attachment":[{"href":"https:\/\/prefeitura.santarosa.rs.gov.br\/index.php?rest_route=%2Fwp%2Fv2%2Fmedia&parent=18122"}],"wp:term":[{"taxonomy":"category","embeddable":true,"href":"https:\/\/prefeitura.santarosa.rs.gov.br\/index.php?rest_route=%2Fwp%2Fv2%2Fcategories&post=18122"},{"taxonomy":"post_tag","embeddable":true,"href":"https:\/\/prefeitura.santarosa.rs.gov.br\/index.php?rest_route=%2Fwp%2Fv2%2Ftags&post=18122"}],"curies":[{"name":"wp","href":"https:\/\/api.w.org\/{rel}","templated":true}]}}