{"id":18118,"date":"2026-09-02T10:22:20","date_gmt":"2026-09-02T13:22:20","guid":{"rendered":"https:\/\/prefeitura.santarosa.rs.gov.br\/?p=18118"},"modified":"2026-09-02T10:22:21","modified_gmt":"2026-09-02T13:22:21","slug":"biblioteca-publica-municipal-recebe-240-novos-exemplares","status":"publish","type":"post","link":"https:\/\/prefeitura.santarosa.rs.gov.br\/?p=18118","title":{"rendered":"Biblioteca P\u00fablica Municipal recebe 240 novos exemplares"},"content":{"rendered":"\n<figure class=\"wp-block-image size-large\"><img fetchpriority=\"high\" decoding=\"async\" width=\"1024\" height=\"768\" src=\"https:\/\/prefeitura.santarosa.rs.gov.br\/wp-content\/uploads\/2026\/09\/WhatsApp-Image-2026-09-02-at-10.08.47-1024x768.jpeg\" alt=\"\" class=\"wp-image-18119\" srcset=\"https:\/\/prefeitura.santarosa.rs.gov.br\/wp-content\/uploads\/2026\/09\/WhatsApp-Image-2026-09-02-at-10.08.47-1024x768.jpeg 1024w, https:\/\/prefeitura.santarosa.rs.gov.br\/wp-content\/uploads\/2026\/09\/WhatsApp-Image-2026-09-02-at-10.08.47-300x225.jpeg 300w, https:\/\/prefeitura.santarosa.rs.gov.br\/wp-content\/uploads\/2026\/09\/WhatsApp-Image-2026-09-02-at-10.08.47-768x576.jpeg 768w, https:\/\/prefeitura.santarosa.rs.gov.br\/wp-content\/uploads\/2026\/09\/WhatsApp-Image-2026-09-02-at-10.08.47-1536x1152.jpeg 1536w, https:\/\/prefeitura.santarosa.rs.gov.br\/wp-content\/uploads\/2026\/09\/WhatsApp-Image-2026-09-02-at-10.08.47.jpeg 1600w\" sizes=\"(max-width: 1024px) 100vw, 1024px\" \/><\/figure>\n\n\n\n<p class=\"wp-block-paragraph\">A Biblioteca P\u00fablica Municipal Olavo Bilac teve seu acervo renovado com o recebimento de aproximadamente 240 novos livros. Os exemplares foram entregues ap\u00f3s a realiza\u00e7\u00e3o da 21\u00aa Feira do Livro. Cerca de 200 obras s\u00e3o oriundas dos expositores da feira como contrapartida pela utiliza\u00e7\u00e3o dos espa\u00e7os durante o evento. A iniciativa contribui para amplia\u00e7\u00e3o do acervo dispon\u00edvel para a comunidade.<\/p>\n\n\n\n<p class=\"wp-block-paragraph\">Para cada livreiro participante, \u00e9 definida uma lista de obras pela Secretaria de Educa\u00e7\u00e3o e Cultura. A sele\u00e7\u00e3o considera pedidos feitos pelos usu\u00e1rios e necessidades identificadas pela equipe da Biblioteca. Com isso, os novos exemplares atendem demandas dos leitores e tamb\u00e9m contribuem para atualizar e diversificar o acervo. A a\u00e7\u00e3o amplia as op\u00e7\u00f5es de leitura oferecidas gratuitamente para a popula\u00e7\u00e3o. Segundo o Diretor de Cultura de Santa Rosa, Mateus Moureira, a renova\u00e7\u00e3o do acervo representa um dos legados permanentes da Feira do Livro, \u201cMais do que movimentar a cultura durante os dias do evento, a Feira deixa um resultado que permanece durante todo o ano. Esses novos livros chegam na Biblioteca a partir das demandas dos leitores e ampliam as possibilidades de acesso \u00e0 leitura para toda a comunidade\u201d.<\/p>\n\n\n\n<p class=\"wp-block-paragraph\">Outros cerca de 40 exemplares foram recebidos por meio do Sistema Estadual de Bibliotecas P\u00fablicas. Os livros foram doados pelo Governo do Estado do Rio Grande do Sul.<\/p>\n","protected":false},"excerpt":{"rendered":"<p>A Biblioteca P\u00fablica Municipal Olavo Bilac teve seu acervo renovado com o recebimento de aproximadamente 240 novos livros. Os exemplares&hellip; <a class=\"continue\" href=\"https:\/\/prefeitura.santarosa.rs.gov.br\/?p=18118\">Leia mais<span> Biblioteca P\u00fablica Municipal recebe 240 novos exemplares<\/span><\/a><\/p>\n","protected":false},"author":12,"featured_media":18120,"comment_status":"closed","ping_status":"closed","sticky":false,"template":"","format":"standard","meta":{"colormag_page_container_layout":"default_layout","colormag_page_sidebar_layout":"default_layout","footnotes":""},"categories":[4,18],"tags":[],"class_list":["post-18118","post","type-post","status-publish","format-standard","has-post-thumbnail","hentry","category-noticias","category-secretaria-municipal-de-educacao-e-cultura"],"_links":{"self":[{"href":"https:\/\/prefeitura.santarosa.rs.gov.br\/index.php?rest_route=\/wp\/v2\/posts\/18118","targetHints":{"allow":["GET"]}}],"collection":[{"href":"https:\/\/prefeitura.santarosa.rs.gov.br\/index.php?rest_route=\/wp\/v2\/posts"}],"about":[{"href":"https:\/\/prefeitura.santarosa.rs.gov.br\/index.php?rest_route=\/wp\/v2\/types\/post"}],"author":[{"embeddable":true,"href":"https:\/\/prefeitura.santarosa.rs.gov.br\/index.php?rest_route=\/wp\/v2\/users\/12"}],"replies":[{"embeddable":true,"href":"https:\/\/prefeitura.santarosa.rs.gov.br\/index.php?rest_route=%2Fwp%2Fv2%2Fcomments&post=18118"}],"version-history":[{"count":1,"href":"https:\/\/prefeitura.santarosa.rs.gov.br\/index.php?rest_route=\/wp\/v2\/posts\/18118\/revisions"}],"predecessor-version":[{"id":18121,"href":"https:\/\/prefeitura.santarosa.rs.gov.br\/index.php?rest_route=\/wp\/v2\/posts\/18118\/revisions\/18121"}],"wp:featuredmedia":[{"embeddable":true,"href":"https:\/\/prefeitura.santarosa.rs.gov.br\/index.php?rest_route=\/wp\/v2\/media\/18120"}],"wp:attachment":[{"href":"https:\/\/prefeitura.santarosa.rs.gov.br\/index.php?rest_route=%2Fwp%2Fv2%2Fmedia&parent=18118"}],"wp:term":[{"taxonomy":"category","embeddable":true,"href":"https:\/\/prefeitura.santarosa.rs.gov.br\/index.php?rest_route=%2Fwp%2Fv2%2Fcategories&post=18118"},{"taxonomy":"post_tag","embeddable":true,"href":"https:\/\/prefeitura.santarosa.rs.gov.br\/index.php?rest_route=%2Fwp%2Fv2%2Ftags&post=18118"}],"curies":[{"name":"wp","href":"https:\/\/api.w.org\/{rel}","templated":true}]}}