{"id":18113,"date":"2026-09-01T15:17:06","date_gmt":"2026-09-01T18:17:06","guid":{"rendered":"https:\/\/prefeitura.santarosa.rs.gov.br\/?p=18113"},"modified":"2026-09-01T15:17:07","modified_gmt":"2026-09-01T18:17:07","slug":"comeca-a-semana-da-patria-em-santa-rosa","status":"publish","type":"post","link":"https:\/\/prefeitura.santarosa.rs.gov.br\/?p=18113","title":{"rendered":"Come\u00e7a a Semana da P\u00e1tria em Santa Rosa"},"content":{"rendered":"\n<figure class=\"wp-block-image size-large\"><img fetchpriority=\"high\" decoding=\"async\" width=\"1024\" height=\"576\" src=\"https:\/\/prefeitura.santarosa.rs.gov.br\/wp-content\/uploads\/2026\/09\/WhatsApp-Image-2026-09-01-at-15.07.43-1024x576.jpeg\" alt=\"\" class=\"wp-image-18114\" srcset=\"https:\/\/prefeitura.santarosa.rs.gov.br\/wp-content\/uploads\/2026\/09\/WhatsApp-Image-2026-09-01-at-15.07.43-1024x576.jpeg 1024w, https:\/\/prefeitura.santarosa.rs.gov.br\/wp-content\/uploads\/2026\/09\/WhatsApp-Image-2026-09-01-at-15.07.43-300x169.jpeg 300w, https:\/\/prefeitura.santarosa.rs.gov.br\/wp-content\/uploads\/2026\/09\/WhatsApp-Image-2026-09-01-at-15.07.43-768x432.jpeg 768w, https:\/\/prefeitura.santarosa.rs.gov.br\/wp-content\/uploads\/2026\/09\/WhatsApp-Image-2026-09-01-at-15.07.43-1536x864.jpeg 1536w, https:\/\/prefeitura.santarosa.rs.gov.br\/wp-content\/uploads\/2026\/09\/WhatsApp-Image-2026-09-01-at-15.07.43-2048x1152.jpeg 2048w\" sizes=\"(max-width: 1024px) 100vw, 1024px\" \/><\/figure>\n\n\n\n<p class=\"wp-block-paragraph\">A Semana da P\u00e1tria foi aberta oficialmente em Santa Rosa na manh\u00e3 desta ter\u00e7a-feira (01\/09). O ato ocorreu na frente da Prefeitura de Santa Rosa e reuniu autoridades, representantes das for\u00e7as de seguran\u00e7a, equipes escolares, professores e alunos. A solenidade marcou a chegada da centelha do Fogo Simb\u00f3lico da P\u00e1tria. A chama foi recebida durante a 89\u00aa Corrida do Fogo Simb\u00f3lico, realizada pela Liga da Defesa Nacional do Rio Grande do Sul.<\/p>\n\n\n\n<p class=\"wp-block-paragraph\">Neste ano, o tema nacional das atividades c\u00edvicas \u00e9 \u201cOs Sete Povos das Miss\u00f5es!\u201d. O tema regional destaca os \u201c185 anos da Pol\u00edcia Civil\u201d. A programa\u00e7\u00e3o contou com o acendimento da Pira da P\u00e1tria pelo Prefeito Anderson Mantei. O momento foi acompanhado pelo comandante do 19\u00ba RC Mec, Tenente Coronel Cleber Sim\u00f5es, que realizou a entrega da centelha.<\/p>\n\n\n\n<p class=\"wp-block-paragraph\">A solenidade tamb\u00e9m contou com apresenta\u00e7\u00f5es art\u00edsticas. A Funda\u00e7\u00e3o Educacional Machado de Assis apresentou o poema \u201cAs Cores de um Pa\u00eds\u201d. Na sequ\u00eancia, a Banda Marcial do Col\u00e9gio Conc\u00f3rdia realizou uma apresenta\u00e7\u00e3o, sob orienta\u00e7\u00e3o do instrutor V\u00edtor Brelaz. A Secret\u00e1ria de Educa\u00e7\u00e3o e Cultura, Lires Zimmermann F\u00fchr, destacou a import\u00e2ncia da participa\u00e7\u00e3o das escolas e da comunidade nas atividades c\u00edvicas, \u201cEste \u00e9 um momento de valorizar nossa hist\u00f3ria, nossa cultura e o sentimento de pertencimento. A participa\u00e7\u00e3o dos estudantes torna a Semana da P\u00e1tria ainda mais especial e fortalece os valores de cidadania e civismo\u201d.<\/p>\n\n\n\n<p class=\"wp-block-paragraph\">O Fogo Simb\u00f3lico da P\u00e1tria permanecer\u00e1 guarnecido durante toda a Semana da P\u00e1tria por alunos das escolas do munic\u00edpio. A programa\u00e7\u00e3o segue at\u00e9 o dia 07 de setembro com a realiza\u00e7\u00e3o do Desfile C\u00edvico Militar. O ato c\u00edvico ser\u00e1 realizado na Avenida Expedicion\u00e1rio Weber, com in\u00edcio previsto para \u00e0s 8h. A comunidade est\u00e1 convidada a participar e prestigiar a programa\u00e7\u00e3o.<\/p>\n","protected":false},"excerpt":{"rendered":"<p>A Semana da P\u00e1tria foi aberta oficialmente em Santa Rosa na manh\u00e3 desta ter\u00e7a-feira (01\/09). O ato ocorreu na frente&hellip; <a class=\"continue\" href=\"https:\/\/prefeitura.santarosa.rs.gov.br\/?p=18113\">Leia mais<span> Come\u00e7a a Semana da P\u00e1tria em Santa Rosa<\/span><\/a><\/p>\n","protected":false},"author":12,"featured_media":18115,"comment_status":"closed","ping_status":"closed","sticky":false,"template":"","format":"standard","meta":{"colormag_page_container_layout":"default_layout","colormag_page_sidebar_layout":"default_layout","footnotes":""},"categories":[4,18],"tags":[],"class_list":["post-18113","post","type-post","status-publish","format-standard","has-post-thumbnail","hentry","category-noticias","category-secretaria-municipal-de-educacao-e-cultura"],"_links":{"self":[{"href":"https:\/\/prefeitura.santarosa.rs.gov.br\/index.php?rest_route=\/wp\/v2\/posts\/18113","targetHints":{"allow":["GET"]}}],"collection":[{"href":"https:\/\/prefeitura.santarosa.rs.gov.br\/index.php?rest_route=\/wp\/v2\/posts"}],"about":[{"href":"https:\/\/prefeitura.santarosa.rs.gov.br\/index.php?rest_route=\/wp\/v2\/types\/post"}],"author":[{"embeddable":true,"href":"https:\/\/prefeitura.santarosa.rs.gov.br\/index.php?rest_route=\/wp\/v2\/users\/12"}],"replies":[{"embeddable":true,"href":"https:\/\/prefeitura.santarosa.rs.gov.br\/index.php?rest_route=%2Fwp%2Fv2%2Fcomments&post=18113"}],"version-history":[{"count":1,"href":"https:\/\/prefeitura.santarosa.rs.gov.br\/index.php?rest_route=\/wp\/v2\/posts\/18113\/revisions"}],"predecessor-version":[{"id":18116,"href":"https:\/\/prefeitura.santarosa.rs.gov.br\/index.php?rest_route=\/wp\/v2\/posts\/18113\/revisions\/18116"}],"wp:featuredmedia":[{"embeddable":true,"href":"https:\/\/prefeitura.santarosa.rs.gov.br\/index.php?rest_route=\/wp\/v2\/media\/18115"}],"wp:attachment":[{"href":"https:\/\/prefeitura.santarosa.rs.gov.br\/index.php?rest_route=%2Fwp%2Fv2%2Fmedia&parent=18113"}],"wp:term":[{"taxonomy":"category","embeddable":true,"href":"https:\/\/prefeitura.santarosa.rs.gov.br\/index.php?rest_route=%2Fwp%2Fv2%2Fcategories&post=18113"},{"taxonomy":"post_tag","embeddable":true,"href":"https:\/\/prefeitura.santarosa.rs.gov.br\/index.php?rest_route=%2Fwp%2Fv2%2Ftags&post=18113"}],"curies":[{"name":"wp","href":"https:\/\/api.w.org\/{rel}","templated":true}]}}