{"id":18109,"date":"2026-09-01T15:11:16","date_gmt":"2026-09-01T18:11:16","guid":{"rendered":"https:\/\/prefeitura.santarosa.rs.gov.br\/?p=18109"},"modified":"2026-09-01T15:11:17","modified_gmt":"2026-09-01T18:11:17","slug":"projeto-emeis-uma-rede-olhares-que-inspiram-promove-troca-de-experiencias-entre-escolas","status":"publish","type":"post","link":"https:\/\/prefeitura.santarosa.rs.gov.br\/?p=18109","title":{"rendered":"Projeto \u201cEMEIs, uma Rede: Olhares que Inspiram\u201d promove troca de experi\u00eancias entre escolas"},"content":{"rendered":"\n<figure class=\"wp-block-image size-large\"><img fetchpriority=\"high\" decoding=\"async\" width=\"1024\" height=\"768\" src=\"https:\/\/prefeitura.santarosa.rs.gov.br\/wp-content\/uploads\/2026\/09\/WhatsApp-Image-2026-09-01-at-15.00.51-1024x768.jpeg\" alt=\"\" class=\"wp-image-18110\" srcset=\"https:\/\/prefeitura.santarosa.rs.gov.br\/wp-content\/uploads\/2026\/09\/WhatsApp-Image-2026-09-01-at-15.00.51-1024x768.jpeg 1024w, https:\/\/prefeitura.santarosa.rs.gov.br\/wp-content\/uploads\/2026\/09\/WhatsApp-Image-2026-09-01-at-15.00.51-300x225.jpeg 300w, https:\/\/prefeitura.santarosa.rs.gov.br\/wp-content\/uploads\/2026\/09\/WhatsApp-Image-2026-09-01-at-15.00.51-768x576.jpeg 768w, https:\/\/prefeitura.santarosa.rs.gov.br\/wp-content\/uploads\/2026\/09\/WhatsApp-Image-2026-09-01-at-15.00.51.jpeg 1280w\" sizes=\"(max-width: 1024px) 100vw, 1024px\" \/><\/figure>\n\n\n\n<p class=\"wp-block-paragraph\">A Secretaria de Educa\u00e7\u00e3o e Cultura de Santa Rosa, por meio da Ger\u00eancia Pedag\u00f3gica da Educa\u00e7\u00e3o Infantil, est\u00e1 desenvolvendo o projeto \u201cEMEIs, uma Rede: Olhares que Inspiram\u201d. A iniciativa re\u00fane diretoras e coordenadoras das 21 Escolas Municipais de Educa\u00e7\u00e3o Infantil (EMEIs), em momentos de visita, forma\u00e7\u00e3o e troca de experi\u00eancias.<\/p>\n\n\n\n<p class=\"wp-block-paragraph\">Iniciado em agosto, o projeto ter\u00e1 dura\u00e7\u00e3o aproximada de tr\u00eas meses. Durante esse per\u00edodo, ser\u00e3o realizadas visitas nas EMEIs do munic\u00edpio. Na \u00faltima semana, a Secret\u00e1ria de Educa\u00e7\u00e3o e Cultura, Lires Zimmermann F\u00fchr, acompanhou uma das atividades do projeto, \u201cFortalecer a Educa\u00e7\u00e3o Infantil \u00e9 investir desde cedo na aprendizagem e no desenvolvimento das nossas crian\u00e7as. A troca de experi\u00eancias entre as equipes amplia os conhecimentos e contribui para qualificar cada vez mais as pr\u00e1ticas pedag\u00f3gicas da rede\u201d.<\/p>\n\n\n\n<p class=\"wp-block-paragraph\">Os encontros promovem o compartilhamento de pr\u00e1ticas e saberes relacionados ao educar e ao cuidar. Tamb\u00e9m permitem que a equipe conhe\u00e7a diferentes espa\u00e7os, organiza\u00e7\u00f5es e experi\u00eancias desenvolvidas nas escolas. O trabalho busca fortalecer as rotinas e as pr\u00e1ticas pedag\u00f3gicas desde os primeiros anos. A expectativa \u00e9 contribuir para uma trajet\u00f3ria escolar mais consistente e para o avan\u00e7o das aprendizagens tamb\u00e9m no Ensino Fundamental.<\/p>\n","protected":false},"excerpt":{"rendered":"<p>A Secretaria de Educa\u00e7\u00e3o e Cultura de Santa Rosa, por meio da Ger\u00eancia Pedag\u00f3gica da Educa\u00e7\u00e3o Infantil, est\u00e1 desenvolvendo o&hellip; <a class=\"continue\" href=\"https:\/\/prefeitura.santarosa.rs.gov.br\/?p=18109\">Leia mais<span> Projeto \u201cEMEIs, uma Rede: Olhares que Inspiram\u201d promove troca de experi\u00eancias entre escolas<\/span><\/a><\/p>\n","protected":false},"author":12,"featured_media":18111,"comment_status":"closed","ping_status":"closed","sticky":false,"template":"","format":"standard","meta":{"colormag_page_container_layout":"default_layout","colormag_page_sidebar_layout":"default_layout","footnotes":""},"categories":[4,18],"tags":[],"class_list":["post-18109","post","type-post","status-publish","format-standard","has-post-thumbnail","hentry","category-noticias","category-secretaria-municipal-de-educacao-e-cultura"],"_links":{"self":[{"href":"https:\/\/prefeitura.santarosa.rs.gov.br\/index.php?rest_route=\/wp\/v2\/posts\/18109","targetHints":{"allow":["GET"]}}],"collection":[{"href":"https:\/\/prefeitura.santarosa.rs.gov.br\/index.php?rest_route=\/wp\/v2\/posts"}],"about":[{"href":"https:\/\/prefeitura.santarosa.rs.gov.br\/index.php?rest_route=\/wp\/v2\/types\/post"}],"author":[{"embeddable":true,"href":"https:\/\/prefeitura.santarosa.rs.gov.br\/index.php?rest_route=\/wp\/v2\/users\/12"}],"replies":[{"embeddable":true,"href":"https:\/\/prefeitura.santarosa.rs.gov.br\/index.php?rest_route=%2Fwp%2Fv2%2Fcomments&post=18109"}],"version-history":[{"count":1,"href":"https:\/\/prefeitura.santarosa.rs.gov.br\/index.php?rest_route=\/wp\/v2\/posts\/18109\/revisions"}],"predecessor-version":[{"id":18112,"href":"https:\/\/prefeitura.santarosa.rs.gov.br\/index.php?rest_route=\/wp\/v2\/posts\/18109\/revisions\/18112"}],"wp:featuredmedia":[{"embeddable":true,"href":"https:\/\/prefeitura.santarosa.rs.gov.br\/index.php?rest_route=\/wp\/v2\/media\/18111"}],"wp:attachment":[{"href":"https:\/\/prefeitura.santarosa.rs.gov.br\/index.php?rest_route=%2Fwp%2Fv2%2Fmedia&parent=18109"}],"wp:term":[{"taxonomy":"category","embeddable":true,"href":"https:\/\/prefeitura.santarosa.rs.gov.br\/index.php?rest_route=%2Fwp%2Fv2%2Fcategories&post=18109"},{"taxonomy":"post_tag","embeddable":true,"href":"https:\/\/prefeitura.santarosa.rs.gov.br\/index.php?rest_route=%2Fwp%2Fv2%2Ftags&post=18109"}],"curies":[{"name":"wp","href":"https:\/\/api.w.org\/{rel}","templated":true}]}}