{"id":18104,"date":"2026-09-01T08:35:46","date_gmt":"2026-09-01T11:35:46","guid":{"rendered":"https:\/\/prefeitura.santarosa.rs.gov.br\/?p=18104"},"modified":"2026-09-01T08:35:47","modified_gmt":"2026-09-01T11:35:47","slug":"ponte-entre-santa-rosa-e-tres-de-maio-e-recuperada","status":"publish","type":"post","link":"https:\/\/prefeitura.santarosa.rs.gov.br\/?p=18104","title":{"rendered":"Ponte entre Santa Rosa e Tr\u00eas de Maio \u00e9 recuperada"},"content":{"rendered":"\n<figure class=\"wp-block-image size-large\"><img fetchpriority=\"high\" decoding=\"async\" width=\"1024\" height=\"768\" src=\"https:\/\/prefeitura.santarosa.rs.gov.br\/wp-content\/uploads\/2026\/09\/WhatsApp-Image-2026-09-01-at-08.06.33-1024x768.jpeg\" alt=\"\" class=\"wp-image-18105\" srcset=\"https:\/\/prefeitura.santarosa.rs.gov.br\/wp-content\/uploads\/2026\/09\/WhatsApp-Image-2026-09-01-at-08.06.33-1024x768.jpeg 1024w, https:\/\/prefeitura.santarosa.rs.gov.br\/wp-content\/uploads\/2026\/09\/WhatsApp-Image-2026-09-01-at-08.06.33-768x576.jpeg 768w, https:\/\/prefeitura.santarosa.rs.gov.br\/wp-content\/uploads\/2026\/09\/WhatsApp-Image-2026-09-01-at-08.06.33-300x225.jpeg 300w, https:\/\/prefeitura.santarosa.rs.gov.br\/wp-content\/uploads\/2026\/09\/WhatsApp-Image-2026-09-01-at-08.06.33-1536x1152.jpeg 1536w, https:\/\/prefeitura.santarosa.rs.gov.br\/wp-content\/uploads\/2026\/09\/WhatsApp-Image-2026-09-01-at-08.06.33.jpeg 1600w\" sizes=\"(max-width: 1024px) 100vw, 1024px\" \/><\/figure>\n\n\n\n<p class=\"wp-block-paragraph\">Foi conclu\u00edda na \u00faltima semana a recupera\u00e7\u00e3o da ponte que faz divisa entre Santa Rosa e Tr\u00eas de Maio. O trabalho faz parte das a\u00e7\u00f5es de manuten\u00e7\u00e3o das estradas e pontes do interior do munic\u00edpio. A estrutura havia passado por recupera\u00e7\u00e3o em novembro do ano passado. Por\u00e9m, o grande volume de chuva registrado no in\u00edcio de 2026 provocou novos danos e exigiu outra interven\u00e7\u00e3o. O servi\u00e7o foi realizado em parceria com o munic\u00edpio de Tr\u00eas de Maio.<\/p>\n\n\n\n<p class=\"wp-block-paragraph\">A reconstru\u00e7\u00e3o tamb\u00e9m contou com a doa\u00e7\u00e3o de toras de madeira pelo Frigor\u00edfico Alibem. Foram investidos R$ 35 mil em recursos pr\u00f3prios na execu\u00e7\u00e3o da obra. O vice-prefeito Aldemir Ulrich destacou que a a\u00e7\u00e3o garante melhores condi\u00e7\u00f5es de circula\u00e7\u00e3o para moradores e produtores que utilizam a via, \u201cEstamos mantendo um trabalho constante de recupera\u00e7\u00e3o das estradas, pontes e bueiros do interior. A parceria com Tr\u00eas de Maio e o apoio da iniciativa privada foram importantes para concluir esta recupera\u00e7\u00e3o e melhorar a seguran\u00e7a de quem utiliza a ponte\u201d.<\/p>\n\n\n\n<p class=\"wp-block-paragraph\">Nesta semana, o Departamento de Manuten\u00e7\u00e3o Vi\u00e1ria da Secretaria de Agricultura dar\u00e1 continuidade aos servi\u00e7os. As equipes ir\u00e3o atuar na manuten\u00e7\u00e3o de estradas, bueiros e pontes nas localidades de Linha Dr. Pedro de Toledo, Linha Mirim, Linha das Flores, Lajeado Tarum\u00e3 e Linha Faxinal.<\/p>\n","protected":false},"excerpt":{"rendered":"<p>Foi conclu\u00edda na \u00faltima semana a recupera\u00e7\u00e3o da ponte que faz divisa entre Santa Rosa e Tr\u00eas de Maio. O&hellip; <a class=\"continue\" href=\"https:\/\/prefeitura.santarosa.rs.gov.br\/?p=18104\">Leia mais<span> Ponte entre Santa Rosa e Tr\u00eas de Maio \u00e9 recuperada<\/span><\/a><\/p>\n","protected":false},"author":12,"featured_media":18106,"comment_status":"closed","ping_status":"closed","sticky":false,"template":"","format":"standard","meta":{"colormag_page_container_layout":"default_layout","colormag_page_sidebar_layout":"default_layout","footnotes":""},"categories":[4,14],"tags":[],"class_list":["post-18104","post","type-post","status-publish","format-standard","has-post-thumbnail","hentry","category-noticias","category-secretaria-municipal-de-agricultura"],"_links":{"self":[{"href":"https:\/\/prefeitura.santarosa.rs.gov.br\/index.php?rest_route=\/wp\/v2\/posts\/18104","targetHints":{"allow":["GET"]}}],"collection":[{"href":"https:\/\/prefeitura.santarosa.rs.gov.br\/index.php?rest_route=\/wp\/v2\/posts"}],"about":[{"href":"https:\/\/prefeitura.santarosa.rs.gov.br\/index.php?rest_route=\/wp\/v2\/types\/post"}],"author":[{"embeddable":true,"href":"https:\/\/prefeitura.santarosa.rs.gov.br\/index.php?rest_route=\/wp\/v2\/users\/12"}],"replies":[{"embeddable":true,"href":"https:\/\/prefeitura.santarosa.rs.gov.br\/index.php?rest_route=%2Fwp%2Fv2%2Fcomments&post=18104"}],"version-history":[{"count":1,"href":"https:\/\/prefeitura.santarosa.rs.gov.br\/index.php?rest_route=\/wp\/v2\/posts\/18104\/revisions"}],"predecessor-version":[{"id":18107,"href":"https:\/\/prefeitura.santarosa.rs.gov.br\/index.php?rest_route=\/wp\/v2\/posts\/18104\/revisions\/18107"}],"wp:featuredmedia":[{"embeddable":true,"href":"https:\/\/prefeitura.santarosa.rs.gov.br\/index.php?rest_route=\/wp\/v2\/media\/18106"}],"wp:attachment":[{"href":"https:\/\/prefeitura.santarosa.rs.gov.br\/index.php?rest_route=%2Fwp%2Fv2%2Fmedia&parent=18104"}],"wp:term":[{"taxonomy":"category","embeddable":true,"href":"https:\/\/prefeitura.santarosa.rs.gov.br\/index.php?rest_route=%2Fwp%2Fv2%2Fcategories&post=18104"},{"taxonomy":"post_tag","embeddable":true,"href":"https:\/\/prefeitura.santarosa.rs.gov.br\/index.php?rest_route=%2Fwp%2Fv2%2Ftags&post=18104"}],"curies":[{"name":"wp","href":"https:\/\/api.w.org\/{rel}","templated":true}]}}