{"id":18094,"date":"2026-08-31T16:29:31","date_gmt":"2026-08-31T19:29:31","guid":{"rendered":"https:\/\/prefeitura.santarosa.rs.gov.br\/?p=18094"},"modified":"2026-08-31T16:29:33","modified_gmt":"2026-08-31T19:29:33","slug":"comunicado-artesao-em-foco","status":"publish","type":"post","link":"https:\/\/prefeitura.santarosa.rs.gov.br\/?p=18094","title":{"rendered":"Comunicado: Artes\u00e3o em Foco"},"content":{"rendered":"\n<figure class=\"wp-block-image size-large\"><img fetchpriority=\"high\" decoding=\"async\" width=\"1024\" height=\"691\" src=\"https:\/\/prefeitura.santarosa.rs.gov.br\/wp-content\/uploads\/2026\/08\/Formato-Portal-do-Cidadao-1600X1080JPG-2026-08-31T162835.448-1024x691.jpg\" alt=\"\" class=\"wp-image-18095\" srcset=\"https:\/\/prefeitura.santarosa.rs.gov.br\/wp-content\/uploads\/2026\/08\/Formato-Portal-do-Cidadao-1600X1080JPG-2026-08-31T162835.448-1024x691.jpg 1024w, https:\/\/prefeitura.santarosa.rs.gov.br\/wp-content\/uploads\/2026\/08\/Formato-Portal-do-Cidadao-1600X1080JPG-2026-08-31T162835.448-767x518.jpg 767w, https:\/\/prefeitura.santarosa.rs.gov.br\/wp-content\/uploads\/2026\/08\/Formato-Portal-do-Cidadao-1600X1080JPG-2026-08-31T162835.448-1536x1037.jpg 1536w, https:\/\/prefeitura.santarosa.rs.gov.br\/wp-content\/uploads\/2026\/08\/Formato-Portal-do-Cidadao-1600X1080JPG-2026-08-31T162835.448-300x203.jpg 300w, https:\/\/prefeitura.santarosa.rs.gov.br\/wp-content\/uploads\/2026\/08\/Formato-Portal-do-Cidadao-1600X1080JPG-2026-08-31T162835.448.jpg 1600w\" sizes=\"(max-width: 1024px) 100vw, 1024px\" \/><\/figure>\n\n\n\n<p class=\"wp-block-paragraph\">A Prefeitura de Santa Rosa informa que o evento \u201cArtes\u00e3o em Foco\u201d, que ir\u00e1 ocorrer nesta ter\u00e7a e quarta-feira (01 e 02\/09), teve uma altera\u00e7\u00e3o de local.<br>O curso foi redirecionado para acontecer no Centro Cultural Prof. Fioravante Pedrazani, na frente da Pra\u00e7a Pedro Carpenedo.<\/p>\n","protected":false},"excerpt":{"rendered":"<p>A Prefeitura de Santa Rosa informa que o evento \u201cArtes\u00e3o em Foco\u201d, que ir\u00e1 ocorrer nesta ter\u00e7a e quarta-feira (01&hellip; <a class=\"continue\" href=\"https:\/\/prefeitura.santarosa.rs.gov.br\/?p=18094\">Leia mais<span> Comunicado: Artes\u00e3o em Foco<\/span><\/a><\/p>\n","protected":false},"author":12,"featured_media":18096,"comment_status":"closed","ping_status":"closed","sticky":false,"template":"","format":"standard","meta":{"colormag_page_container_layout":"default_layout","colormag_page_sidebar_layout":"default_layout","footnotes":""},"categories":[4,16],"tags":[],"class_list":["post-18094","post","type-post","status-publish","format-standard","has-post-thumbnail","hentry","category-noticias","category-secretaria-municipal-de-desenvolvimento-economico-turismo-e-tecnologia"],"_links":{"self":[{"href":"https:\/\/prefeitura.santarosa.rs.gov.br\/index.php?rest_route=\/wp\/v2\/posts\/18094","targetHints":{"allow":["GET"]}}],"collection":[{"href":"https:\/\/prefeitura.santarosa.rs.gov.br\/index.php?rest_route=\/wp\/v2\/posts"}],"about":[{"href":"https:\/\/prefeitura.santarosa.rs.gov.br\/index.php?rest_route=\/wp\/v2\/types\/post"}],"author":[{"embeddable":true,"href":"https:\/\/prefeitura.santarosa.rs.gov.br\/index.php?rest_route=\/wp\/v2\/users\/12"}],"replies":[{"embeddable":true,"href":"https:\/\/prefeitura.santarosa.rs.gov.br\/index.php?rest_route=%2Fwp%2Fv2%2Fcomments&post=18094"}],"version-history":[{"count":1,"href":"https:\/\/prefeitura.santarosa.rs.gov.br\/index.php?rest_route=\/wp\/v2\/posts\/18094\/revisions"}],"predecessor-version":[{"id":18097,"href":"https:\/\/prefeitura.santarosa.rs.gov.br\/index.php?rest_route=\/wp\/v2\/posts\/18094\/revisions\/18097"}],"wp:featuredmedia":[{"embeddable":true,"href":"https:\/\/prefeitura.santarosa.rs.gov.br\/index.php?rest_route=\/wp\/v2\/media\/18096"}],"wp:attachment":[{"href":"https:\/\/prefeitura.santarosa.rs.gov.br\/index.php?rest_route=%2Fwp%2Fv2%2Fmedia&parent=18094"}],"wp:term":[{"taxonomy":"category","embeddable":true,"href":"https:\/\/prefeitura.santarosa.rs.gov.br\/index.php?rest_route=%2Fwp%2Fv2%2Fcategories&post=18094"},{"taxonomy":"post_tag","embeddable":true,"href":"https:\/\/prefeitura.santarosa.rs.gov.br\/index.php?rest_route=%2Fwp%2Fv2%2Ftags&post=18094"}],"curies":[{"name":"wp","href":"https:\/\/api.w.org\/{rel}","templated":true}]}}