{"id":18088,"date":"2026-08-31T16:03:27","date_gmt":"2026-08-31T19:03:27","guid":{"rendered":"https:\/\/prefeitura.santarosa.rs.gov.br\/?p=18088"},"modified":"2026-08-31T16:03:29","modified_gmt":"2026-08-31T19:03:29","slug":"santa-rosa-conquista-nota-maxima-a-no-tesouro-nacional","status":"publish","type":"post","link":"https:\/\/prefeitura.santarosa.rs.gov.br\/?p=18088","title":{"rendered":"Santa Rosa conquista nota m\u00e1xima A+ no Tesouro Nacional"},"content":{"rendered":"\n<figure class=\"wp-block-image size-large\"><img fetchpriority=\"high\" decoding=\"async\" width=\"1024\" height=\"691\" src=\"https:\/\/prefeitura.santarosa.rs.gov.br\/wp-content\/uploads\/2026\/08\/Formato-Portal-do-Cidadao-1600X1080JPG-1024x691.png\" alt=\"\" class=\"wp-image-18090\" srcset=\"https:\/\/prefeitura.santarosa.rs.gov.br\/wp-content\/uploads\/2026\/08\/Formato-Portal-do-Cidadao-1600X1080JPG-1024x691.png 1024w, https:\/\/prefeitura.santarosa.rs.gov.br\/wp-content\/uploads\/2026\/08\/Formato-Portal-do-Cidadao-1600X1080JPG-300x203.png 300w, https:\/\/prefeitura.santarosa.rs.gov.br\/wp-content\/uploads\/2026\/08\/Formato-Portal-do-Cidadao-1600X1080JPG-767x518.png 767w, https:\/\/prefeitura.santarosa.rs.gov.br\/wp-content\/uploads\/2026\/08\/Formato-Portal-do-Cidadao-1600X1080JPG-1536x1037.png 1536w, https:\/\/prefeitura.santarosa.rs.gov.br\/wp-content\/uploads\/2026\/08\/Formato-Portal-do-Cidadao-1600X1080JPG.png 1600w\" sizes=\"(max-width: 1024px) 100vw, 1024px\" \/><\/figure>\n\n\n\n<p class=\"wp-block-paragraph\">Mais uma vez Santa Rosa \u00e9 destaque pelo equil\u00edbrio das contas p\u00fablicas. O munic\u00edpio alcan\u00e7ou a nota m\u00e1xima A+ na Capacidade de Pagamento (CAPAG). A avalia\u00e7\u00e3o \u00e9 realizada pelo Tesouro Nacional para medir a situa\u00e7\u00e3o fiscal dos Estados e Munic\u00edpios brasileiros.<\/p>\n\n\n\n<p class=\"wp-block-paragraph\">O resultado demonstra a capacidade do munic\u00edpio de administrar suas receitas, despesas, endividamento e disponibilidade financeira com responsabilidade. O Secret\u00e1rio de Gest\u00e3o, Ademir Rosa, ressaltou a import\u00e2ncia do reconhecimento, \u201cAlcan\u00e7ar a nota m\u00e1xima mostra que Santa Rosa possui uma gest\u00e3o preocupada n\u00e3o apenas com o equil\u00edbrio financeiro, mas tamb\u00e9m com a qualidade e transpar\u00eancia das informa\u00e7\u00f5es prestadas aos \u00f3rg\u00e3os de controle\u201d.<\/p>\n\n\n\n<p class=\"wp-block-paragraph\">Al\u00e9m dos bons resultados financeiros, Santa Rosa tamb\u00e9m alcan\u00e7ou a classifica\u00e7\u00e3o Aicf no Ranking da Qualidade da Informa\u00e7\u00e3o Cont\u00e1bil e Fiscal, contribuindo para a obten\u00e7\u00e3o da nota final A+. O Secret\u00e1rio de Administra\u00e7\u00e3o, Maicon Zamboni, destacou que o resultado \u00e9 reflexo da responsabilidade na utiliza\u00e7\u00e3o dos recursos p\u00fablicos, \u201cManter uma situa\u00e7\u00e3o fiscal equilibrada permite que o munic\u00edpio continue planejando investimentos, executando projetos e ampliando a qualidade dos servi\u00e7os oferecidos \u00e0 popula\u00e7\u00e3o\u201d.<\/p>\n\n\n\n<p class=\"wp-block-paragraph\">O munic\u00edpio tamb\u00e9m aparece sem pend\u00eancias no CAUC, que acompanha quest\u00f5es como adimpl\u00eancia financeira, encaminhamento das contas anuais e aplica\u00e7\u00e3o m\u00ednima de recursos nas \u00e1reas de sa\u00fade e educa\u00e7\u00e3o.<\/p>\n","protected":false},"excerpt":{"rendered":"<p>Mais uma vez Santa Rosa \u00e9 destaque pelo equil\u00edbrio das contas p\u00fablicas. O munic\u00edpio alcan\u00e7ou a nota m\u00e1xima A+ na&hellip; <a class=\"continue\" href=\"https:\/\/prefeitura.santarosa.rs.gov.br\/?p=18088\">Leia mais<span> Santa Rosa conquista nota m\u00e1xima A+ no Tesouro Nacional<\/span><\/a><\/p>\n","protected":false},"author":12,"featured_media":18092,"comment_status":"closed","ping_status":"closed","sticky":false,"template":"","format":"standard","meta":{"colormag_page_container_layout":"default_layout","colormag_page_sidebar_layout":"default_layout","footnotes":""},"categories":[4,13,23],"tags":[],"class_list":["post-18088","post","type-post","status-publish","format-standard","has-post-thumbnail","hentry","category-noticias","category-secretaria-municipal-de-administracao-e-fazenda","category-secretaria-municipal-governanca-gestao"],"_links":{"self":[{"href":"https:\/\/prefeitura.santarosa.rs.gov.br\/index.php?rest_route=\/wp\/v2\/posts\/18088","targetHints":{"allow":["GET"]}}],"collection":[{"href":"https:\/\/prefeitura.santarosa.rs.gov.br\/index.php?rest_route=\/wp\/v2\/posts"}],"about":[{"href":"https:\/\/prefeitura.santarosa.rs.gov.br\/index.php?rest_route=\/wp\/v2\/types\/post"}],"author":[{"embeddable":true,"href":"https:\/\/prefeitura.santarosa.rs.gov.br\/index.php?rest_route=\/wp\/v2\/users\/12"}],"replies":[{"embeddable":true,"href":"https:\/\/prefeitura.santarosa.rs.gov.br\/index.php?rest_route=%2Fwp%2Fv2%2Fcomments&post=18088"}],"version-history":[{"count":1,"href":"https:\/\/prefeitura.santarosa.rs.gov.br\/index.php?rest_route=\/wp\/v2\/posts\/18088\/revisions"}],"predecessor-version":[{"id":18093,"href":"https:\/\/prefeitura.santarosa.rs.gov.br\/index.php?rest_route=\/wp\/v2\/posts\/18088\/revisions\/18093"}],"wp:featuredmedia":[{"embeddable":true,"href":"https:\/\/prefeitura.santarosa.rs.gov.br\/index.php?rest_route=\/wp\/v2\/media\/18092"}],"wp:attachment":[{"href":"https:\/\/prefeitura.santarosa.rs.gov.br\/index.php?rest_route=%2Fwp%2Fv2%2Fmedia&parent=18088"}],"wp:term":[{"taxonomy":"category","embeddable":true,"href":"https:\/\/prefeitura.santarosa.rs.gov.br\/index.php?rest_route=%2Fwp%2Fv2%2Fcategories&post=18088"},{"taxonomy":"post_tag","embeddable":true,"href":"https:\/\/prefeitura.santarosa.rs.gov.br\/index.php?rest_route=%2Fwp%2Fv2%2Ftags&post=18088"}],"curies":[{"name":"wp","href":"https:\/\/api.w.org\/{rel}","templated":true}]}}