{"id":18084,"date":"2026-08-31T14:33:22","date_gmt":"2026-08-31T17:33:22","guid":{"rendered":"https:\/\/prefeitura.santarosa.rs.gov.br\/?p=18084"},"modified":"2026-08-31T14:33:25","modified_gmt":"2026-08-31T17:33:25","slug":"rua-joao-felipe-dos-santos-sera-asfaltada-no-bairro-sulina","status":"publish","type":"post","link":"https:\/\/prefeitura.santarosa.rs.gov.br\/?p=18084","title":{"rendered":"Rua Jo\u00e3o Felipe dos Santos ser\u00e1 asfaltada no bairro Sulina"},"content":{"rendered":"\n<figure class=\"wp-block-image size-large\"><img fetchpriority=\"high\" decoding=\"async\" width=\"1024\" height=\"576\" src=\"https:\/\/prefeitura.santarosa.rs.gov.br\/wp-content\/uploads\/2026\/08\/WhatsApp-Image-2026-08-31-at-13.42.01-1024x576.jpeg\" alt=\"\" class=\"wp-image-18085\" srcset=\"https:\/\/prefeitura.santarosa.rs.gov.br\/wp-content\/uploads\/2026\/08\/WhatsApp-Image-2026-08-31-at-13.42.01-1024x576.jpeg 1024w, https:\/\/prefeitura.santarosa.rs.gov.br\/wp-content\/uploads\/2026\/08\/WhatsApp-Image-2026-08-31-at-13.42.01-768x432.jpeg 768w, https:\/\/prefeitura.santarosa.rs.gov.br\/wp-content\/uploads\/2026\/08\/WhatsApp-Image-2026-08-31-at-13.42.01-300x169.jpeg 300w, https:\/\/prefeitura.santarosa.rs.gov.br\/wp-content\/uploads\/2026\/08\/WhatsApp-Image-2026-08-31-at-13.42.01.jpeg 1280w\" sizes=\"(max-width: 1024px) 100vw, 1024px\" \/><\/figure>\n\n\n\n<p class=\"wp-block-paragraph\">A pavimenta\u00e7\u00e3o asf\u00e1ltica da Rua Jo\u00e3o Felipe dos Santos, no bairro Sulina, ter\u00e1 in\u00edcio em breve. A ordem de in\u00edcio da obra foi assinada na manh\u00e3 desta segunda-feira (31), pelo Prefeito Anderson Mantei. O ato ocorreu durante a reuni\u00e3o semanal com os vereadores. A obra contempla o trecho entre as ruas Jo\u00e3o Pedro Timm e Caminho Sudeste.<\/p>\n\n\n\n<p class=\"wp-block-paragraph\">A melhoria era uma reivindica\u00e7\u00e3o antiga dos moradores. O investimento ser\u00e1 superior a R$ 790 mil. Ao todo, ser\u00e3o pavimentados 504,39 metros lineares (4.521,14 m\u00b2). O Prefeito Anderson Mantei, destacou que a obra atende mais uma demanda da comunidade, \u201cEstamos avan\u00e7ando para transformar a mobilidade de Santa Rosa em todos os bairros. \u00c9 um investimento que vai melhorar as condi\u00e7\u00f5es de tr\u00e1fego e trazer mais infraestrutura para quem utiliza essa via\u201d.<\/p>\n\n\n\n<p class=\"wp-block-paragraph\">O projeto tamb\u00e9m contempla a execu\u00e7\u00e3o de rede de drenagem. Ser\u00e3o implantados meio-fio e sarjeta de concreto, al\u00e9m da sinaliza\u00e7\u00e3o horizontal e vertical.<\/p>\n","protected":false},"excerpt":{"rendered":"<p>A pavimenta\u00e7\u00e3o asf\u00e1ltica da Rua Jo\u00e3o Felipe dos Santos, no bairro Sulina, ter\u00e1 in\u00edcio em breve. A ordem de in\u00edcio&hellip; <a class=\"continue\" href=\"https:\/\/prefeitura.santarosa.rs.gov.br\/?p=18084\">Leia mais<span> Rua Jo\u00e3o Felipe dos Santos ser\u00e1 asfaltada no bairro Sulina<\/span><\/a><\/p>\n","protected":false},"author":12,"featured_media":18086,"comment_status":"closed","ping_status":"closed","sticky":false,"template":"","format":"standard","meta":{"colormag_page_container_layout":"default_layout","colormag_page_sidebar_layout":"default_layout","footnotes":""},"categories":[4,22],"tags":[],"class_list":["post-18084","post","type-post","status-publish","format-standard","has-post-thumbnail","hentry","category-noticias","category-secretaria-municipal-de-planejamento-e-habitacao"],"_links":{"self":[{"href":"https:\/\/prefeitura.santarosa.rs.gov.br\/index.php?rest_route=\/wp\/v2\/posts\/18084","targetHints":{"allow":["GET"]}}],"collection":[{"href":"https:\/\/prefeitura.santarosa.rs.gov.br\/index.php?rest_route=\/wp\/v2\/posts"}],"about":[{"href":"https:\/\/prefeitura.santarosa.rs.gov.br\/index.php?rest_route=\/wp\/v2\/types\/post"}],"author":[{"embeddable":true,"href":"https:\/\/prefeitura.santarosa.rs.gov.br\/index.php?rest_route=\/wp\/v2\/users\/12"}],"replies":[{"embeddable":true,"href":"https:\/\/prefeitura.santarosa.rs.gov.br\/index.php?rest_route=%2Fwp%2Fv2%2Fcomments&post=18084"}],"version-history":[{"count":1,"href":"https:\/\/prefeitura.santarosa.rs.gov.br\/index.php?rest_route=\/wp\/v2\/posts\/18084\/revisions"}],"predecessor-version":[{"id":18087,"href":"https:\/\/prefeitura.santarosa.rs.gov.br\/index.php?rest_route=\/wp\/v2\/posts\/18084\/revisions\/18087"}],"wp:featuredmedia":[{"embeddable":true,"href":"https:\/\/prefeitura.santarosa.rs.gov.br\/index.php?rest_route=\/wp\/v2\/media\/18086"}],"wp:attachment":[{"href":"https:\/\/prefeitura.santarosa.rs.gov.br\/index.php?rest_route=%2Fwp%2Fv2%2Fmedia&parent=18084"}],"wp:term":[{"taxonomy":"category","embeddable":true,"href":"https:\/\/prefeitura.santarosa.rs.gov.br\/index.php?rest_route=%2Fwp%2Fv2%2Fcategories&post=18084"},{"taxonomy":"post_tag","embeddable":true,"href":"https:\/\/prefeitura.santarosa.rs.gov.br\/index.php?rest_route=%2Fwp%2Fv2%2Ftags&post=18084"}],"curies":[{"name":"wp","href":"https:\/\/api.w.org\/{rel}","templated":true}]}}