{"id":1800,"date":"2021-02-12T15:18:00","date_gmt":"2021-02-12T18:18:00","guid":{"rendered":"https:\/\/prefeitura.santarosa.rs.gov.br\/?p=1800"},"modified":"2024-10-07T09:55:15","modified_gmt":"2024-10-07T12:55:15","slug":"segue-a-vacinacao-em-santa-rosa","status":"publish","type":"post","link":"https:\/\/prefeitura.santarosa.rs.gov.br\/?p=1800","title":{"rendered":"Segue a vacina\u00e7\u00e3o em Santa Rosa"},"content":{"rendered":"\n<p>Na pr\u00f3xima semana, a vacina\u00e7\u00e3o deve avan\u00e7ar e totalizar 2.863 vacinados entre profissionais da sa\u00fade e idosos em Santa Rosa<\/p>\n\n\n\n<p>As equipes da Funda\u00e7\u00e3o Municipal da Sa\u00fade est\u00e3o trabalhando intensamente na vacina\u00e7\u00e3o. Desde quarta-feira come\u00e7aram a ser vacinados os idosos do munic\u00edpio. Na pr\u00f3xima semana, a vacina\u00e7\u00e3o deve avan\u00e7ar e totalizar 2.863 vacinados entre profissionais da sa\u00fade e idosos em Santa Rosa.<\/p>\n\n\n\n<p>Nesta semana, foram vacinados idosos com mais de 90 anos. No s\u00e1bado(13), ser\u00e3o vacinados os idosos acamados. NA SEGUNDA-FEIRA(15), SER\u00c3O VACINADOS IDOSOS COM 89, 88 E 87 ANOS. E A PARTIR DE TER\u00c7A-FEIRA(16), IDOSOS COM 86 E 85 ANOS. Quem n\u00e3o conseguiu ser vacinado, e est\u00e1 dentro do grupo de idade que deve receber a vacina, ainda pode buscar seu posto de sa\u00fade de refer\u00eancia. Todas as Unidades de Sa\u00fade est\u00e3o aplicando vacina.<\/p>\n\n\n\n<p>V\u00e1rias a\u00e7\u00f5es foram programadas para evitar filas, aglomera\u00e7\u00f5es e tamb\u00e9m para facilitar o acesso da popula\u00e7\u00e3o. Uma delas foi o DIVE-THRU que est\u00e1 acontecendo no Posto do Centro. Lembrando que as pessoas devem ter o cadastro do SUS para receber a vacina. Segundo a Diretora, Fabiana Breitenbach, \u201cAs pessoas que n\u00e3o t\u00eam e que est\u00e3o no grupo que vai receber a vacina, n\u00e3o precisam se preocupar, devem procurar sua unidade, fazer o cadastro, para depois fazer a vacina. Essa \u00e9 uma regra nacional, da qual precisamos cumprir\u201d.<\/p>\n\n\n\n<p>IMPORTANTE: O AGENDAMENTO PARA VACINA\u00c7\u00c3O QUE PREV\u00ca O M\u00caS DE MAR\u00c7O, QUE ESTA SENDO DIVULGADO NAS REDES, N\u00c3O \u00c9 VERDADEIRO. AS INFORMA\u00c7\u00d5ES DA PREFEITURA EST\u00c3O SEMPRE SENDO ATUALIZADAS NO SITE DO MUNIC\u00cdPIO E NAS REDES OFICIAIS. Para d\u00favidas entre em contato com 3511-5222 ou 3513-5118.<\/p>\n","protected":false},"excerpt":{"rendered":"<p>Na pr\u00f3xima semana, a vacina\u00e7\u00e3o deve avan\u00e7ar e totalizar 2.863 vacinados entre profissionais da sa\u00fade e idosos em Santa Rosa<\/p>\n","protected":false},"author":3,"featured_media":1801,"comment_status":"open","ping_status":"open","sticky":false,"template":"","format":"standard","meta":{"footnotes":""},"categories":[6,4,8],"tags":[],"class_list":["post-1800","post","type-post","status-publish","format-standard","has-post-thumbnail","hentry","category-covid-19","category-noticias","category-noticias-fumssar"],"aioseo_notices":[],"_links":{"self":[{"href":"https:\/\/prefeitura.santarosa.rs.gov.br\/index.php?rest_route=\/wp\/v2\/posts\/1800","targetHints":{"allow":["GET"]}}],"collection":[{"href":"https:\/\/prefeitura.santarosa.rs.gov.br\/index.php?rest_route=\/wp\/v2\/posts"}],"about":[{"href":"https:\/\/prefeitura.santarosa.rs.gov.br\/index.php?rest_route=\/wp\/v2\/types\/post"}],"author":[{"embeddable":true,"href":"https:\/\/prefeitura.santarosa.rs.gov.br\/index.php?rest_route=\/wp\/v2\/users\/3"}],"replies":[{"embeddable":true,"href":"https:\/\/prefeitura.santarosa.rs.gov.br\/index.php?rest_route=%2Fwp%2Fv2%2Fcomments&post=1800"}],"version-history":[{"count":1,"href":"https:\/\/prefeitura.santarosa.rs.gov.br\/index.php?rest_route=\/wp\/v2\/posts\/1800\/revisions"}],"predecessor-version":[{"id":1802,"href":"https:\/\/prefeitura.santarosa.rs.gov.br\/index.php?rest_route=\/wp\/v2\/posts\/1800\/revisions\/1802"}],"wp:featuredmedia":[{"embeddable":true,"href":"https:\/\/prefeitura.santarosa.rs.gov.br\/index.php?rest_route=\/wp\/v2\/media\/1801"}],"wp:attachment":[{"href":"https:\/\/prefeitura.santarosa.rs.gov.br\/index.php?rest_route=%2Fwp%2Fv2%2Fmedia&parent=1800"}],"wp:term":[{"taxonomy":"category","embeddable":true,"href":"https:\/\/prefeitura.santarosa.rs.gov.br\/index.php?rest_route=%2Fwp%2Fv2%2Fcategories&post=1800"},{"taxonomy":"post_tag","embeddable":true,"href":"https:\/\/prefeitura.santarosa.rs.gov.br\/index.php?rest_route=%2Fwp%2Fv2%2Ftags&post=1800"}],"curies":[{"name":"wp","href":"https:\/\/api.w.org\/{rel}","templated":true}]}}