{"id":1797,"date":"2021-02-15T16:05:00","date_gmt":"2021-02-15T19:05:00","guid":{"rendered":"https:\/\/prefeitura.santarosa.rs.gov.br\/?p=1797"},"modified":"2024-10-07T09:55:15","modified_gmt":"2024-10-07T12:55:15","slug":"prefeito-esteve-reunido-com-corsan","status":"publish","type":"post","link":"https:\/\/prefeitura.santarosa.rs.gov.br\/?p=1797","title":{"rendered":"Prefeito esteve reunido com Corsan"},"content":{"rendered":"\n<p>Na primeira reuni\u00e3o com Anderson Mantei, o Gestor da Unidade de Santa Rosa, Jauro Nascimento, e o Superintendente Regional, Jo\u00e3o Batista Corim trataram sobre algumas demandas do munic\u00edpio.<\/p>\n\n\n\n<p>Obras, contrato e melhorias para Santa Rosa. Essas foram algumas das pautas abordadas entre representantes da Corsan e da Prefeitura. Na primeira reuni\u00e3o com Anderson Mantei, o Gestor da Unidade de Santa Rosa, Jauro Nascimento, e o Superintendente Regional, Jo\u00e3o Batista Corim trataram sobre algumas demandas do munic\u00edpio.<\/p>\n\n\n\n<p>Neste primeiro encontro oficial, o contrato entre a Prefeitura e a Corsan foi o tema destaque. O prefeito cobrou sobre o atraso nas obras de esgoto, \u201cSegundo o contrato as obras de esgoto deveriam estar finalizadas em Santa Rosa, e na verdade hoje temos cerca de 40% delas conclu\u00eddas, ent\u00e3o precisamos avan\u00e7ar nessa pauta, precisamos rever o contrato e dar prioridades nessas e em outras melhorias\u201d. Anderson Mantei tamb\u00e9m solicitou um cronograma de obras para que a prefeitura possa acompanhar o andamento.<\/p>\n\n\n\n<p>Os representantes da Corsan apresentaram todas as obras de substitui\u00e7\u00e3o de redes que est\u00e3o iniciando em 2021. Tamb\u00e9m foi tratado sobre as resid\u00eancias que t\u00eam rede de esgoto, mas que os moradores n\u00e3o fizeram a liga\u00e7\u00e3o e que seguem pagando multa por isso. Para finalizar ficou acertado que o prefeito Anderson Mantei dever\u00e1 se reunir com o presidente da Corsan para tratar sobre o contrato.<\/p>\n","protected":false},"excerpt":{"rendered":"<p>Na primeira reuni\u00e3o com Anderson Mantei, o Gestor da Unidade de Santa Rosa, Jauro Nascimento, e o Superintendente Regional, Jo\u00e3o<\/p>\n","protected":false},"author":3,"featured_media":1798,"comment_status":"open","ping_status":"open","sticky":false,"template":"","format":"standard","meta":{"footnotes":""},"categories":[4,3],"tags":[],"class_list":["post-1797","post","type-post","status-publish","format-standard","has-post-thumbnail","hentry","category-noticias","category-gabinete-do-prefeito"],"aioseo_notices":[],"_links":{"self":[{"href":"https:\/\/prefeitura.santarosa.rs.gov.br\/index.php?rest_route=\/wp\/v2\/posts\/1797","targetHints":{"allow":["GET"]}}],"collection":[{"href":"https:\/\/prefeitura.santarosa.rs.gov.br\/index.php?rest_route=\/wp\/v2\/posts"}],"about":[{"href":"https:\/\/prefeitura.santarosa.rs.gov.br\/index.php?rest_route=\/wp\/v2\/types\/post"}],"author":[{"embeddable":true,"href":"https:\/\/prefeitura.santarosa.rs.gov.br\/index.php?rest_route=\/wp\/v2\/users\/3"}],"replies":[{"embeddable":true,"href":"https:\/\/prefeitura.santarosa.rs.gov.br\/index.php?rest_route=%2Fwp%2Fv2%2Fcomments&post=1797"}],"version-history":[{"count":1,"href":"https:\/\/prefeitura.santarosa.rs.gov.br\/index.php?rest_route=\/wp\/v2\/posts\/1797\/revisions"}],"predecessor-version":[{"id":1799,"href":"https:\/\/prefeitura.santarosa.rs.gov.br\/index.php?rest_route=\/wp\/v2\/posts\/1797\/revisions\/1799"}],"wp:featuredmedia":[{"embeddable":true,"href":"https:\/\/prefeitura.santarosa.rs.gov.br\/index.php?rest_route=\/wp\/v2\/media\/1798"}],"wp:attachment":[{"href":"https:\/\/prefeitura.santarosa.rs.gov.br\/index.php?rest_route=%2Fwp%2Fv2%2Fmedia&parent=1797"}],"wp:term":[{"taxonomy":"category","embeddable":true,"href":"https:\/\/prefeitura.santarosa.rs.gov.br\/index.php?rest_route=%2Fwp%2Fv2%2Fcategories&post=1797"},{"taxonomy":"post_tag","embeddable":true,"href":"https:\/\/prefeitura.santarosa.rs.gov.br\/index.php?rest_route=%2Fwp%2Fv2%2Ftags&post=1797"}],"curies":[{"name":"wp","href":"https:\/\/api.w.org\/{rel}","templated":true}]}}