{"id":1785,"date":"2021-02-17T15:49:00","date_gmt":"2021-02-17T18:49:00","guid":{"rendered":"https:\/\/prefeitura.santarosa.rs.gov.br\/?p=1785"},"modified":"2024-10-07T09:55:15","modified_gmt":"2024-10-07T12:55:15","slug":"fundo-de-cultura-tera-novo-edital","status":"publish","type":"post","link":"https:\/\/prefeitura.santarosa.rs.gov.br\/?p=1785","title":{"rendered":"Fundo de Cultura ter\u00e1 novo edital"},"content":{"rendered":"\n<p>Um novo edital ser\u00e1 lan\u00e7ado pela Prefeitura.<\/p>\n\n\n\n<p>Prefeito Anderson determinou amplia\u00e7\u00e3o do valor do Fundo da Cultura para R$150mil em 2021. Um novo edital ser\u00e1 lan\u00e7ado pela Prefeitura. Essa semana, o prefeito determinou que sejam reavaliados os procedimentos e encaminhamentos do edital para a sele\u00e7\u00e3o de projetos, e que um novo concurso seja encaminhado em 2021.<br>Segundo o edital de concurso 01\/2020, os mun\u00edcipes podem apresentar projetos do segmento cultural para participar do Fundo. Todos passam por uma comiss\u00e3o que realiza a sele\u00e7\u00e3o e habilita para fazer o repasse do recurso. O valor no ano passado era de R$ 100mil. Em fun\u00e7\u00e3o de irregularidades no processo, onde determinadas regras n\u00e3o foram cumpridas, em 2020, na fase de habilita\u00e7\u00e3o e sele\u00e7\u00e3o dos projetos, o prefeito Anderson determinou que processo seja anulado.<\/p>\n","protected":false},"excerpt":{"rendered":"<p>Um novo edital ser\u00e1 lan\u00e7ado pela Prefeitura. Prefeito Anderson determinou amplia\u00e7\u00e3o do valor do Fundo da Cultura para R$150mil em<\/p>\n","protected":false},"author":3,"featured_media":1786,"comment_status":"open","ping_status":"open","sticky":false,"template":"","format":"standard","meta":{"footnotes":""},"categories":[4,18],"tags":[],"class_list":["post-1785","post","type-post","status-publish","format-standard","has-post-thumbnail","hentry","category-noticias","category-secretaria-municipal-de-educacao-e-cultura"],"aioseo_notices":[],"_links":{"self":[{"href":"https:\/\/prefeitura.santarosa.rs.gov.br\/index.php?rest_route=\/wp\/v2\/posts\/1785","targetHints":{"allow":["GET"]}}],"collection":[{"href":"https:\/\/prefeitura.santarosa.rs.gov.br\/index.php?rest_route=\/wp\/v2\/posts"}],"about":[{"href":"https:\/\/prefeitura.santarosa.rs.gov.br\/index.php?rest_route=\/wp\/v2\/types\/post"}],"author":[{"embeddable":true,"href":"https:\/\/prefeitura.santarosa.rs.gov.br\/index.php?rest_route=\/wp\/v2\/users\/3"}],"replies":[{"embeddable":true,"href":"https:\/\/prefeitura.santarosa.rs.gov.br\/index.php?rest_route=%2Fwp%2Fv2%2Fcomments&post=1785"}],"version-history":[{"count":1,"href":"https:\/\/prefeitura.santarosa.rs.gov.br\/index.php?rest_route=\/wp\/v2\/posts\/1785\/revisions"}],"predecessor-version":[{"id":1787,"href":"https:\/\/prefeitura.santarosa.rs.gov.br\/index.php?rest_route=\/wp\/v2\/posts\/1785\/revisions\/1787"}],"wp:featuredmedia":[{"embeddable":true,"href":"https:\/\/prefeitura.santarosa.rs.gov.br\/index.php?rest_route=\/wp\/v2\/media\/1786"}],"wp:attachment":[{"href":"https:\/\/prefeitura.santarosa.rs.gov.br\/index.php?rest_route=%2Fwp%2Fv2%2Fmedia&parent=1785"}],"wp:term":[{"taxonomy":"category","embeddable":true,"href":"https:\/\/prefeitura.santarosa.rs.gov.br\/index.php?rest_route=%2Fwp%2Fv2%2Fcategories&post=1785"},{"taxonomy":"post_tag","embeddable":true,"href":"https:\/\/prefeitura.santarosa.rs.gov.br\/index.php?rest_route=%2Fwp%2Fv2%2Ftags&post=1785"}],"curies":[{"name":"wp","href":"https:\/\/api.w.org\/{rel}","templated":true}]}}