{"id":1779,"date":"2021-02-18T15:44:00","date_gmt":"2021-02-18T18:44:00","guid":{"rendered":"https:\/\/prefeitura.santarosa.rs.gov.br\/?p=1779"},"modified":"2024-10-07T09:55:15","modified_gmt":"2024-10-07T12:55:15","slug":"segue-valido-decreto-de-livre-desenvolvimento","status":"publish","type":"post","link":"https:\/\/prefeitura.santarosa.rs.gov.br\/?p=1779","title":{"rendered":"Segue v\u00e1lido Decreto de Livre Desenvolvimento"},"content":{"rendered":"\n<p>O parecer, assim como demais decis\u00f5es da Justi\u00e7a local e estadual, foi pela legalidade do decreto.<\/p>\n\n\n\n<p>Nesta semana, saiu o parecer jur\u00eddico solicitado pela C\u00e2mara de Vereadores em rela\u00e7\u00e3o ao Decreto de Livre Desenvolvimento. A Mesa Diretora do Legislativo, atrav\u00e9s do presidente M\u00e1ximo Altamiro Martins, encaminhou para o IGAM &#8211; Instituto Gamma de Assessoria a \u00d3rg\u00e3os P\u00fablicos a avalia\u00e7\u00e3o da legalidade do ato. O parecer, assim como demais decis\u00f5es da Justi\u00e7a local e estadual, foi pela legalidade do decreto.<br><br>O Sindicato dos Comerci\u00e1rios entrou com mandado de seguran\u00e7a contra o Decreto de livre desenvolvimento de atividades econ\u00f4micas, assinado pelo Prefeito no in\u00edcio do ano. O Sindicato alegou que o decreto viola a lei 968 de 1969 que regula o hor\u00e1rio de com\u00e9rcio no munic\u00edpio de Santa Rosa e solicitou uma liminar cancelando o decreto.<br>Primeiramente, o pedido j\u00e1 tinha sido negado pela ju\u00edza da 3\u00aa Vara C\u00edvel de Santa Rosa.<br><br>O Sindicato tentou a revis\u00e3o da decis\u00e3o junto ao Tribunal de Justi\u00e7a do RS, que tamb\u00e9m negou o pedido, considerando o decreto legal. Com isso, segue valendo o decreto n\u00ba06, assinado pelo Prefeito Anderson Mantei. Com ele, \u00e9 poss\u00edvel permitir o livre desenvolvimento de atividades econ\u00f4micas no munic\u00edpio. Essa \u00e9 a primeira a\u00e7\u00e3o, de um grande Programa de Governo chamado Santa Rosa Empreendedora.<br><br>O objetivo desse projeto \u00e9 o desenvolvimento econ\u00f4mico, atrav\u00e9s da gera\u00e7\u00e3o de emprego e renda, \u201cEssa medida \u00e9 fundamental para o desenvolvimento de nossa cidade. Queremos que as pessoas tenham liberdade de abrir seus neg\u00f3cios quando quiserem, respeitando sempre a legisla\u00e7\u00e3o. Vamos trabalhar em prol do desenvolvimento e nos espelhando nos melhores exemplos\u201d, destaca Anderson Mantei.<br><br>Independentemente de feriados civis e religiosos, est\u00e1 autorizada a abertura de toda a atividade de neg\u00f3cio. Fica estabelecido no decreto que as mesmas devem seguir as normas de prote\u00e7\u00e3o ao meio ambiente, inclu\u00eddas as de repress\u00e3o \u00e0 polui\u00e7\u00e3o sonora e \u00e0 perturba\u00e7\u00e3o do sossego p\u00fablico, legisla\u00e7\u00e3o trabalhista e normativas em rela\u00e7\u00e3o ao covid-19. As restri\u00e7\u00f5es de contrato, de regulamenta\u00e7\u00e3o condominial, ou de outro neg\u00f3cio jur\u00eddico, normas de direito real e de direito de vizinhan\u00e7a ficam tamb\u00e9m preservadas pelo contrato.<\/p>\n","protected":false},"excerpt":{"rendered":"<p>O parecer, assim como demais decis\u00f5es da Justi\u00e7a local e estadual, foi pela legalidade do decreto. Nesta semana, saiu o<\/p>\n","protected":false},"author":3,"featured_media":1780,"comment_status":"open","ping_status":"open","sticky":false,"template":"","format":"standard","meta":{"footnotes":""},"categories":[4,3],"tags":[],"class_list":["post-1779","post","type-post","status-publish","format-standard","has-post-thumbnail","hentry","category-noticias","category-gabinete-do-prefeito"],"aioseo_notices":[],"_links":{"self":[{"href":"https:\/\/prefeitura.santarosa.rs.gov.br\/index.php?rest_route=\/wp\/v2\/posts\/1779","targetHints":{"allow":["GET"]}}],"collection":[{"href":"https:\/\/prefeitura.santarosa.rs.gov.br\/index.php?rest_route=\/wp\/v2\/posts"}],"about":[{"href":"https:\/\/prefeitura.santarosa.rs.gov.br\/index.php?rest_route=\/wp\/v2\/types\/post"}],"author":[{"embeddable":true,"href":"https:\/\/prefeitura.santarosa.rs.gov.br\/index.php?rest_route=\/wp\/v2\/users\/3"}],"replies":[{"embeddable":true,"href":"https:\/\/prefeitura.santarosa.rs.gov.br\/index.php?rest_route=%2Fwp%2Fv2%2Fcomments&post=1779"}],"version-history":[{"count":1,"href":"https:\/\/prefeitura.santarosa.rs.gov.br\/index.php?rest_route=\/wp\/v2\/posts\/1779\/revisions"}],"predecessor-version":[{"id":1781,"href":"https:\/\/prefeitura.santarosa.rs.gov.br\/index.php?rest_route=\/wp\/v2\/posts\/1779\/revisions\/1781"}],"wp:featuredmedia":[{"embeddable":true,"href":"https:\/\/prefeitura.santarosa.rs.gov.br\/index.php?rest_route=\/wp\/v2\/media\/1780"}],"wp:attachment":[{"href":"https:\/\/prefeitura.santarosa.rs.gov.br\/index.php?rest_route=%2Fwp%2Fv2%2Fmedia&parent=1779"}],"wp:term":[{"taxonomy":"category","embeddable":true,"href":"https:\/\/prefeitura.santarosa.rs.gov.br\/index.php?rest_route=%2Fwp%2Fv2%2Fcategories&post=1779"},{"taxonomy":"post_tag","embeddable":true,"href":"https:\/\/prefeitura.santarosa.rs.gov.br\/index.php?rest_route=%2Fwp%2Fv2%2Ftags&post=1779"}],"curies":[{"name":"wp","href":"https:\/\/api.w.org\/{rel}","templated":true}]}}