{"id":1728,"date":"2021-03-16T16:22:00","date_gmt":"2021-03-16T19:22:00","guid":{"rendered":"https:\/\/prefeitura.santarosa.rs.gov.br\/?p=1728"},"modified":"2024-10-07T09:55:15","modified_gmt":"2024-10-07T12:55:15","slug":"dentistas-e-auxiliares-da-fumssar-na-linha-de-frente","status":"publish","type":"post","link":"https:\/\/prefeitura.santarosa.rs.gov.br\/?p=1728","title":{"rendered":"Dentistas e auxiliares da FUMSSAR na linha de frente"},"content":{"rendered":"\n<p>A partir dessa semana, os dentistas e os auxiliares de sa\u00fade bucal da Funda\u00e7\u00e3o tamb\u00e9m passaram a ajudar nos atendimentos, em fun\u00e7\u00e3o da grande demanda.<\/p>\n\n\n\n<p>Desde que a pandemia come\u00e7ou a Funda\u00e7\u00e3o Municipal de Sa\u00fade organizou uma for\u00e7a tarefa para dar conta dos atendimentos na Unidades, e em especial nas Unidades Sentinela. Al\u00e9m das equipes que atuam nos postos, na Funda\u00e7\u00e3o e demais setores, tamb\u00e9m foram organizadas equipes para monitoramento e p\u00f3s covid-19. A partir dessa semana, os dentistas e os auxiliares de sa\u00fade bucal da Funda\u00e7\u00e3o tamb\u00e9m passaram a ajudar nos atendimentos, em fun\u00e7\u00e3o da grande demanda.<br>A FUMSSAR j\u00e1 tinha ampliado as Unidades Sentinelas e tamb\u00e9m de testagem, em fun\u00e7\u00e3o da grande demanda. Agora, para auxiliar e agilizar o trabalho, os dentistas e seus auxiliares passaram a trabalhar na linha de frente do atendimento do covid-19. Para a Diretora Fabiana Breitenbach, todos est\u00e3o dando o m\u00e1ximo nesse momento, \u201cPrecisamos ampliar nosso atendimento e estamos contando, para isso, com a colabora\u00e7\u00e3o dos dentistas e auxiliares. Esse \u00e9 um momento em que todos profissionais da \u00e1rea da sa\u00fade est\u00e3o se doando, um pouco a mais, para poder ajudar os pacientes\u201d.<br>A \u00faltima remessa de vacinas j\u00e1 foi realizada at\u00e9 idosos de 77 anos. At\u00e9 o momento, foram encaminhadas para Santa Rosa 6866 vacinas, entre primeira e segunda dose. Os que ainda n\u00e3o receberam, v\u00e3o ser vacinados na pr\u00f3xima entrega do estado. TODOS DEVEM PROCURAR SUA UNIDADE DE SA\u00daDE DE REFER\u00caNCIA. Para d\u00favidas entre em contato com 3511-5222 ou 3513-5118.<\/p>\n","protected":false},"excerpt":{"rendered":"<p>A partir dessa semana, os dentistas e os auxiliares de sa\u00fade bucal da Funda\u00e7\u00e3o tamb\u00e9m passaram a ajudar nos atendimentos,<\/p>\n","protected":false},"author":3,"featured_media":1729,"comment_status":"open","ping_status":"open","sticky":false,"template":"","format":"standard","meta":{"footnotes":""},"categories":[4,8],"tags":[],"class_list":["post-1728","post","type-post","status-publish","format-standard","has-post-thumbnail","hentry","category-noticias","category-noticias-fumssar"],"aioseo_notices":[],"_links":{"self":[{"href":"https:\/\/prefeitura.santarosa.rs.gov.br\/index.php?rest_route=\/wp\/v2\/posts\/1728","targetHints":{"allow":["GET"]}}],"collection":[{"href":"https:\/\/prefeitura.santarosa.rs.gov.br\/index.php?rest_route=\/wp\/v2\/posts"}],"about":[{"href":"https:\/\/prefeitura.santarosa.rs.gov.br\/index.php?rest_route=\/wp\/v2\/types\/post"}],"author":[{"embeddable":true,"href":"https:\/\/prefeitura.santarosa.rs.gov.br\/index.php?rest_route=\/wp\/v2\/users\/3"}],"replies":[{"embeddable":true,"href":"https:\/\/prefeitura.santarosa.rs.gov.br\/index.php?rest_route=%2Fwp%2Fv2%2Fcomments&post=1728"}],"version-history":[{"count":1,"href":"https:\/\/prefeitura.santarosa.rs.gov.br\/index.php?rest_route=\/wp\/v2\/posts\/1728\/revisions"}],"predecessor-version":[{"id":1730,"href":"https:\/\/prefeitura.santarosa.rs.gov.br\/index.php?rest_route=\/wp\/v2\/posts\/1728\/revisions\/1730"}],"wp:featuredmedia":[{"embeddable":true,"href":"https:\/\/prefeitura.santarosa.rs.gov.br\/index.php?rest_route=\/wp\/v2\/media\/1729"}],"wp:attachment":[{"href":"https:\/\/prefeitura.santarosa.rs.gov.br\/index.php?rest_route=%2Fwp%2Fv2%2Fmedia&parent=1728"}],"wp:term":[{"taxonomy":"category","embeddable":true,"href":"https:\/\/prefeitura.santarosa.rs.gov.br\/index.php?rest_route=%2Fwp%2Fv2%2Fcategories&post=1728"},{"taxonomy":"post_tag","embeddable":true,"href":"https:\/\/prefeitura.santarosa.rs.gov.br\/index.php?rest_route=%2Fwp%2Fv2%2Ftags&post=1728"}],"curies":[{"name":"wp","href":"https:\/\/api.w.org\/{rel}","templated":true}]}}