{"id":1725,"date":"2021-03-17T17:14:00","date_gmt":"2021-03-17T20:14:00","guid":{"rendered":"https:\/\/prefeitura.santarosa.rs.gov.br\/?p=1725"},"modified":"2024-10-07T09:55:15","modified_gmt":"2024-10-07T12:55:15","slug":"prefeito-e-liderancas-definem-retomada-para-segunda-feira","status":"publish","type":"post","link":"https:\/\/prefeitura.santarosa.rs.gov.br\/?p=1725","title":{"rendered":"Prefeito e lideran\u00e7as definem retomada para segunda-feira"},"content":{"rendered":"\n<p>As lideran\u00e7as ponderaram que todos os movimentos foram muito importantes para essa poss\u00edvel volta da cogest\u00e3o na pr\u00f3xima segunda-feira<\/p>\n\n\n\n<p>O prefeito Anderson Mantei e o vice Aldemir Ulrich reuniram lideran\u00e7as na manh\u00e3 desta quarta-feira. Na oportunidade, o prefeito tratou sobre as mobiliza\u00e7\u00f5es e as a\u00e7\u00f5es realizadas que auxiliaram na mudan\u00e7a de posicionamento do governador quanto a cogest\u00e3o. O grupo discutiu a viabilidade do retorno para o in\u00edcio da pr\u00f3xima semana.<br><br>As lideran\u00e7as ponderaram que todos os movimentos foram muito importantes para essa poss\u00edvel volta da cogest\u00e3o na pr\u00f3xima segunda-feira, \u201cParab\u00e9ns prefeito pela condu\u00e7\u00e3o e todas institui\u00e7\u00f5es pelo movimento\u201d destacou Jucelino Gon\u00e7alves. O presidente do Sindilojas, Leonides Fredi tamb\u00e9m agradeceu apoio, \u201cTenho certeza que esses movimentos tiveram impacto na decis\u00e3o do governador\u201d.<br><br>O Governador anunciou que deve retomar a administra\u00e7\u00e3o compartilhada a partir da pr\u00f3xima segunda. Em fun\u00e7\u00e3o disso, o prefeito solicitou a opini\u00e3o de todos sobre o fato, e refor\u00e7ou que a prefeitura est\u00e1 do lado do com\u00e9rcio, \u201cPenso que todos os movimentos foram extremamente importantes para que o governador retome com a cogest\u00e3o. N\u00f3s queremos que todos possam, de forma organizada e com todos os cuidados, aos poucos retomarem suas atividades\u201d. As lideran\u00e7as se posicionaram de forma positiva em rela\u00e7\u00e3o aos movimentos, e definiram aguardar a cogest\u00e3o na pr\u00f3xima segunda-feira.<br><br>Outro foco abordado foi a import\u00e2ncia sobre manter os cuidados e os protocolos e que a retomada seja gradual, conforme decreto, \u201cPrecisamos refor\u00e7ar com a comunidade o quanto \u00e9 importante que cada um fa\u00e7a sua parte para se proteger e proteger os demais. Todos somos respons\u00e1veis por todos\u201d, finalizou L\u00eddia Lagemann, presidente ACISAP. Participaram: Sindilojas, CDL, Sintralog, ACISAP, Brigada Militar, 19 RC Mec, Sinduscon , Acicruz<\/p>\n","protected":false},"excerpt":{"rendered":"<p>As lideran\u00e7as ponderaram que todos os movimentos foram muito importantes para essa poss\u00edvel volta da cogest\u00e3o na pr\u00f3xima segunda-feira O<\/p>\n","protected":false},"author":3,"featured_media":1726,"comment_status":"open","ping_status":"open","sticky":false,"template":"","format":"standard","meta":{"footnotes":""},"categories":[4,3],"tags":[],"class_list":["post-1725","post","type-post","status-publish","format-standard","has-post-thumbnail","hentry","category-noticias","category-gabinete-do-prefeito"],"aioseo_notices":[],"_links":{"self":[{"href":"https:\/\/prefeitura.santarosa.rs.gov.br\/index.php?rest_route=\/wp\/v2\/posts\/1725","targetHints":{"allow":["GET"]}}],"collection":[{"href":"https:\/\/prefeitura.santarosa.rs.gov.br\/index.php?rest_route=\/wp\/v2\/posts"}],"about":[{"href":"https:\/\/prefeitura.santarosa.rs.gov.br\/index.php?rest_route=\/wp\/v2\/types\/post"}],"author":[{"embeddable":true,"href":"https:\/\/prefeitura.santarosa.rs.gov.br\/index.php?rest_route=\/wp\/v2\/users\/3"}],"replies":[{"embeddable":true,"href":"https:\/\/prefeitura.santarosa.rs.gov.br\/index.php?rest_route=%2Fwp%2Fv2%2Fcomments&post=1725"}],"version-history":[{"count":1,"href":"https:\/\/prefeitura.santarosa.rs.gov.br\/index.php?rest_route=\/wp\/v2\/posts\/1725\/revisions"}],"predecessor-version":[{"id":1727,"href":"https:\/\/prefeitura.santarosa.rs.gov.br\/index.php?rest_route=\/wp\/v2\/posts\/1725\/revisions\/1727"}],"wp:featuredmedia":[{"embeddable":true,"href":"https:\/\/prefeitura.santarosa.rs.gov.br\/index.php?rest_route=\/wp\/v2\/media\/1726"}],"wp:attachment":[{"href":"https:\/\/prefeitura.santarosa.rs.gov.br\/index.php?rest_route=%2Fwp%2Fv2%2Fmedia&parent=1725"}],"wp:term":[{"taxonomy":"category","embeddable":true,"href":"https:\/\/prefeitura.santarosa.rs.gov.br\/index.php?rest_route=%2Fwp%2Fv2%2Fcategories&post=1725"},{"taxonomy":"post_tag","embeddable":true,"href":"https:\/\/prefeitura.santarosa.rs.gov.br\/index.php?rest_route=%2Fwp%2Fv2%2Ftags&post=1725"}],"curies":[{"name":"wp","href":"https:\/\/api.w.org\/{rel}","templated":true}]}}