{"id":171,"date":"2021-08-03T20:51:00","date_gmt":"2021-08-03T23:51:00","guid":{"rendered":"https:\/\/prefeitura.santarosa.rs.gov.br\/?p=171"},"modified":"2024-10-07T09:55:00","modified_gmt":"2024-10-07T12:55:00","slug":"voos-sao-retomados-em-santa-rosa","status":"publish","type":"post","link":"https:\/\/prefeitura.santarosa.rs.gov.br\/?p=171","title":{"rendered":"Voos s\u00e3o retomados em Santa Rosa"},"content":{"rendered":"\n<p>Aeronave Cessna Grand Caravan, de nove lugares, da Azul Conecta, empresa sub-regional da Azul Linhas A\u00e9reas pousou no Aeroporto Municipal Lu\u00eds Alberto Lehr \u00e0s 12h45min.<\/p>\n\n\n\n<p>Santa Rosa conta novamente com voos para a capital. O ato de retomada foi realizado no meio dia desta ter\u00e7a-feira(03), e contou com a presen\u00e7a de autoridades e pol\u00edticos. A atividade faz parte da programa\u00e7\u00e3o dos 90 anos de Santa Rosa.<\/p>\n\n\n\n<p>A aeronave Cessna Grand Caravan, de nove lugares, da Azul Conecta, empresa sub-regional da Azul Linhas A\u00e9reas pousou no Aeroporto Municipal Lu\u00eds Alberto Lehr \u00e0s 12h45min. Logo que pousou passou pelo tradicional \u201cbatismo\u201d realizado pelo Corpo de Bombeiros de Santa Rosa. Na oportunidade o vice-prefeito de Santa Rosa, Aldemir Ulrich, destacou a import\u00e2ncia e a necessidade de se encurtar dist\u00e2ncias para que o progresso e desenvolvimento de Santa Rosa e regi\u00e3o possa ocorrer de maneira mais \u00e1gil, \u201cEstamos muito felizes com esse marcante dia. Com os voos vamos poder acelerar ainda mais nosso desenvolvimento\u201d.<\/p>\n\n\n\n<p>O Secret\u00e1rio de Turismo do estado, Ronaldo Santini, representando o Governador Eduardo Leite, esteve presente, assim como, o Deputado Estadual, Alo\u00edsio Classmann, vereadores, secret\u00e1rios da administra\u00e7\u00e3o e representantes de entidades e imprensa. O Assessor da Presid\u00eancia da Azul Linhas A\u00e9reas, Ronaldo Veras salientou a import\u00e2ncia da retomada dos voos regionais, \u201cA prefeitura foi fundamental para esse acontecimento, pois fizeram em tempo recorde, todas as adapta\u00e7\u00f5es necess\u00e1rias. \u00c9 um equipamento totalmente seguro, sofisticado, fazendo com que a gente possa oferecer o que se tem de melhor no mercado\u201d.<\/p>\n\n\n\n<p>O retorno para Porto Alegre foi \u00e0s 13h30min, o primeiro voo de retomada teve a bordo a fam\u00edlia Bohn. Naturais de Santa Rosa, atualmente moram em Macap\u00e1\/AP. Sandra Bohn falou como foi para eles ter a oportunidade de pegar o voo desde Santa Rosa, \u201cFacilitou muito para n\u00f3s, pois, de Porto Alegre para c\u00e1 tamb\u00e9m \u00e9 sempre longe, dif\u00edcil, nossa com esse voo ajudou muito\u201d. Nesse primeiro momento, o servi\u00e7o ocorrer\u00e1 nas ter\u00e7as e sextas-feiras com escala em S\u00e3o Borja na vinda de Porto Alegre. Sai de Poa \u00e0s 9h e chega aqui \u00e0s 12h25min. E sai de Santa Rosa \u00e0s 12h50min e chega l\u00e1 \u00e0s 14h30min.<\/p>\n\n\n\n<p>A partir de outubro, a Azul ir\u00e1 disponibilizar voos regulares e diretos nas ter\u00e7as, quintas e domingos, com sa\u00edda de Porto Alegre \u00e0s 17h45min e retorno para a capital, \u00e0s 21h.<\/p>\n","protected":false},"excerpt":{"rendered":"<p>Aeronave Cessna Grand Caravan, de nove lugares, da Azul Conecta, empresa sub-regional da Azul Linhas A\u00e9reas pousou no Aeroporto Municipal<\/p>\n","protected":false},"author":3,"featured_media":172,"comment_status":"open","ping_status":"open","sticky":false,"template":"","format":"standard","meta":{"footnotes":""},"categories":[4,9],"tags":[],"class_list":["post-171","post","type-post","status-publish","format-standard","has-post-thumbnail","hentry","category-noticias","category-gabinete-do-vice-prefeito"],"aioseo_notices":[],"_links":{"self":[{"href":"https:\/\/prefeitura.santarosa.rs.gov.br\/index.php?rest_route=\/wp\/v2\/posts\/171","targetHints":{"allow":["GET"]}}],"collection":[{"href":"https:\/\/prefeitura.santarosa.rs.gov.br\/index.php?rest_route=\/wp\/v2\/posts"}],"about":[{"href":"https:\/\/prefeitura.santarosa.rs.gov.br\/index.php?rest_route=\/wp\/v2\/types\/post"}],"author":[{"embeddable":true,"href":"https:\/\/prefeitura.santarosa.rs.gov.br\/index.php?rest_route=\/wp\/v2\/users\/3"}],"replies":[{"embeddable":true,"href":"https:\/\/prefeitura.santarosa.rs.gov.br\/index.php?rest_route=%2Fwp%2Fv2%2Fcomments&post=171"}],"version-history":[{"count":1,"href":"https:\/\/prefeitura.santarosa.rs.gov.br\/index.php?rest_route=\/wp\/v2\/posts\/171\/revisions"}],"predecessor-version":[{"id":173,"href":"https:\/\/prefeitura.santarosa.rs.gov.br\/index.php?rest_route=\/wp\/v2\/posts\/171\/revisions\/173"}],"wp:featuredmedia":[{"embeddable":true,"href":"https:\/\/prefeitura.santarosa.rs.gov.br\/index.php?rest_route=\/wp\/v2\/media\/172"}],"wp:attachment":[{"href":"https:\/\/prefeitura.santarosa.rs.gov.br\/index.php?rest_route=%2Fwp%2Fv2%2Fmedia&parent=171"}],"wp:term":[{"taxonomy":"category","embeddable":true,"href":"https:\/\/prefeitura.santarosa.rs.gov.br\/index.php?rest_route=%2Fwp%2Fv2%2Fcategories&post=171"},{"taxonomy":"post_tag","embeddable":true,"href":"https:\/\/prefeitura.santarosa.rs.gov.br\/index.php?rest_route=%2Fwp%2Fv2%2Ftags&post=171"}],"curies":[{"name":"wp","href":"https:\/\/api.w.org\/{rel}","templated":true}]}}