{"id":1707,"date":"2021-03-23T09:16:00","date_gmt":"2021-03-23T12:16:00","guid":{"rendered":"https:\/\/prefeitura.santarosa.rs.gov.br\/?p=1707"},"modified":"2024-10-07T09:55:15","modified_gmt":"2024-10-07T12:55:15","slug":"vacinas-chegam-nesta-terca-feira","status":"publish","type":"post","link":"https:\/\/prefeitura.santarosa.rs.gov.br\/?p=1707","title":{"rendered":"Vacinas chegam nesta ter\u00e7a-feira"},"content":{"rendered":"\n<p>novas vacinas em Santa Rosa<\/p>\n\n\n\n<p>A Funda\u00e7\u00e3o Municipal da Sa\u00fade vai receber a 9\u00aa remessa de vacinas contra o covid-19. As 1.940 doses devem chegar nesta ter\u00e7a-feira em Santa Rosa. A vacina\u00e7\u00e3o ser\u00e1 priorit\u00e1ria para idosos e vai ocorrer na quarta, quinta e sexta-feira, durante a tarde. Ser\u00e3o vacinados idosos com 72, 71, 70 e parte da popula\u00e7\u00e3o de 69 anos. As pessoas devem entrar em contato com sua Unidade de Sa\u00fade para o agendamento. D\u00favidas pelo telefone 3511-5222 ou 3513-5118.<\/p>\n","protected":false},"excerpt":{"rendered":"<p>novas vacinas em Santa Rosa A Funda\u00e7\u00e3o Municipal da Sa\u00fade vai receber a 9\u00aa remessa de vacinas contra o covid-19.<\/p>\n","protected":false},"author":3,"featured_media":1708,"comment_status":"open","ping_status":"open","sticky":false,"template":"","format":"standard","meta":{"footnotes":""},"categories":[6,4,8],"tags":[],"class_list":["post-1707","post","type-post","status-publish","format-standard","has-post-thumbnail","hentry","category-covid-19","category-noticias","category-noticias-fumssar"],"aioseo_notices":[],"_links":{"self":[{"href":"https:\/\/prefeitura.santarosa.rs.gov.br\/index.php?rest_route=\/wp\/v2\/posts\/1707","targetHints":{"allow":["GET"]}}],"collection":[{"href":"https:\/\/prefeitura.santarosa.rs.gov.br\/index.php?rest_route=\/wp\/v2\/posts"}],"about":[{"href":"https:\/\/prefeitura.santarosa.rs.gov.br\/index.php?rest_route=\/wp\/v2\/types\/post"}],"author":[{"embeddable":true,"href":"https:\/\/prefeitura.santarosa.rs.gov.br\/index.php?rest_route=\/wp\/v2\/users\/3"}],"replies":[{"embeddable":true,"href":"https:\/\/prefeitura.santarosa.rs.gov.br\/index.php?rest_route=%2Fwp%2Fv2%2Fcomments&post=1707"}],"version-history":[{"count":1,"href":"https:\/\/prefeitura.santarosa.rs.gov.br\/index.php?rest_route=\/wp\/v2\/posts\/1707\/revisions"}],"predecessor-version":[{"id":1709,"href":"https:\/\/prefeitura.santarosa.rs.gov.br\/index.php?rest_route=\/wp\/v2\/posts\/1707\/revisions\/1709"}],"wp:featuredmedia":[{"embeddable":true,"href":"https:\/\/prefeitura.santarosa.rs.gov.br\/index.php?rest_route=\/wp\/v2\/media\/1708"}],"wp:attachment":[{"href":"https:\/\/prefeitura.santarosa.rs.gov.br\/index.php?rest_route=%2Fwp%2Fv2%2Fmedia&parent=1707"}],"wp:term":[{"taxonomy":"category","embeddable":true,"href":"https:\/\/prefeitura.santarosa.rs.gov.br\/index.php?rest_route=%2Fwp%2Fv2%2Fcategories&post=1707"},{"taxonomy":"post_tag","embeddable":true,"href":"https:\/\/prefeitura.santarosa.rs.gov.br\/index.php?rest_route=%2Fwp%2Fv2%2Ftags&post=1707"}],"curies":[{"name":"wp","href":"https:\/\/api.w.org\/{rel}","templated":true}]}}