{"id":1695,"date":"2021-03-25T14:49:00","date_gmt":"2021-03-25T17:49:00","guid":{"rendered":"https:\/\/prefeitura.santarosa.rs.gov.br\/?p=1695"},"modified":"2024-10-07T09:55:15","modified_gmt":"2024-10-07T12:55:15","slug":"comunidades-sao-recebidas-no-gabinete","status":"publish","type":"post","link":"https:\/\/prefeitura.santarosa.rs.gov.br\/?p=1695","title":{"rendered":"Comunidades s\u00e3o recebidas no Gabinete"},"content":{"rendered":"\n<p>A inten\u00e7\u00e3o \u00e9 receber na prefeitura, os representantes e ter uma conversa mais ampla sobre todas necessidades<\/p>\n\n\n\n<p>Cerca de 10 localidades j\u00e1 participaram do Programa Comunidade no Gabinete. Esse projeto come\u00e7ou em fevereiro e visa a aproxima\u00e7\u00e3o com os moradores. A ideia \u00e9 receber os representantes das associa\u00e7\u00f5es e entender melhor as demandas. O projeto est\u00e1 sendo uma das prioridades do vice-prefeito Aldemir Ulrich que recebe, juntamente com o prefeito Anderson Mantei, os moradores no Gabinete.<\/p>\n\n\n\n<p>Toda semana, agendas s\u00e3o realizadas nas vilas e bairros de Santa Rosa, de acordo com as solicita\u00e7\u00f5es de demanda, mas o programa Comunidade no Gabinete tem outro objetivo. A inten\u00e7\u00e3o \u00e9 receber na prefeitura, os representantes e ter uma conversa mais ampla sobre todas necessidades, \u201cEstamos sempre acompanhando de perto nossa comunidade, e recebendo tamb\u00e9m os moradores na prefeitura, mas esse programa vai mais al\u00e9m, ele \u00e9 uma oportunidade da associa\u00e7\u00e3o ter ainda mais voz, e da gente pensar a localidade com todo seu contexto, n\u00e3o apenas os problemas pontuais\u201d, destaca Aldemir Ulrich.<\/p>\n\n\n\n<p>As demandas que s\u00e3o apontadas pela comunidade, j\u00e1 recebem uma avalia\u00e7\u00e3o pr\u00e9via, e dentro do poss\u00edvel, os primeiros encaminhamentos s\u00e3o definidos na pr\u00f3pria reuni\u00e3o. A primeira comunidade recebida foi o More Bem de Cruzeiro, e durante esses dois meses de encontros, j\u00e1 foram recebidas localidades do interior e da cidade. A \u00faltima associa\u00e7\u00e3o recebida foi do Ouro Verde que trouxe demandas como asfalto, reposi\u00e7\u00e3o de luz nos postes p\u00fablicos, ced\u00eancia de uma \u00e1rea do munic\u00edpio para sede da associa\u00e7\u00e3o e para lazer dos moradores, entre outros pedidos.<\/p>\n","protected":false},"excerpt":{"rendered":"<p>A inten\u00e7\u00e3o \u00e9 receber na prefeitura, os representantes e ter uma conversa mais ampla sobre todas necessidades Cerca de 10<\/p>\n","protected":false},"author":3,"featured_media":1696,"comment_status":"open","ping_status":"open","sticky":false,"template":"","format":"standard","meta":{"footnotes":""},"categories":[4,3],"tags":[],"class_list":["post-1695","post","type-post","status-publish","format-standard","has-post-thumbnail","hentry","category-noticias","category-gabinete-do-prefeito"],"aioseo_notices":[],"_links":{"self":[{"href":"https:\/\/prefeitura.santarosa.rs.gov.br\/index.php?rest_route=\/wp\/v2\/posts\/1695","targetHints":{"allow":["GET"]}}],"collection":[{"href":"https:\/\/prefeitura.santarosa.rs.gov.br\/index.php?rest_route=\/wp\/v2\/posts"}],"about":[{"href":"https:\/\/prefeitura.santarosa.rs.gov.br\/index.php?rest_route=\/wp\/v2\/types\/post"}],"author":[{"embeddable":true,"href":"https:\/\/prefeitura.santarosa.rs.gov.br\/index.php?rest_route=\/wp\/v2\/users\/3"}],"replies":[{"embeddable":true,"href":"https:\/\/prefeitura.santarosa.rs.gov.br\/index.php?rest_route=%2Fwp%2Fv2%2Fcomments&post=1695"}],"version-history":[{"count":1,"href":"https:\/\/prefeitura.santarosa.rs.gov.br\/index.php?rest_route=\/wp\/v2\/posts\/1695\/revisions"}],"predecessor-version":[{"id":1697,"href":"https:\/\/prefeitura.santarosa.rs.gov.br\/index.php?rest_route=\/wp\/v2\/posts\/1695\/revisions\/1697"}],"wp:featuredmedia":[{"embeddable":true,"href":"https:\/\/prefeitura.santarosa.rs.gov.br\/index.php?rest_route=\/wp\/v2\/media\/1696"}],"wp:attachment":[{"href":"https:\/\/prefeitura.santarosa.rs.gov.br\/index.php?rest_route=%2Fwp%2Fv2%2Fmedia&parent=1695"}],"wp:term":[{"taxonomy":"category","embeddable":true,"href":"https:\/\/prefeitura.santarosa.rs.gov.br\/index.php?rest_route=%2Fwp%2Fv2%2Fcategories&post=1695"},{"taxonomy":"post_tag","embeddable":true,"href":"https:\/\/prefeitura.santarosa.rs.gov.br\/index.php?rest_route=%2Fwp%2Fv2%2Ftags&post=1695"}],"curies":[{"name":"wp","href":"https:\/\/api.w.org\/{rel}","templated":true}]}}