{"id":1681,"date":"2021-04-01T15:49:00","date_gmt":"2021-04-01T18:49:00","guid":{"rendered":"https:\/\/prefeitura.santarosa.rs.gov.br\/?p=1681"},"modified":"2024-10-07T09:55:15","modified_gmt":"2024-10-07T12:55:15","slug":"ti-da-prefeitura-no-planejamento-de-acoes","status":"publish","type":"post","link":"https:\/\/prefeitura.santarosa.rs.gov.br\/?p=1681","title":{"rendered":"TI da Prefeitura no Planejamento de A\u00e7\u00f5es"},"content":{"rendered":"\n<p>Na Prefeitura de Santa Rosa o cen\u00e1rio n\u00e3o \u00e9 diferente. Percebendo a necessidade de melhorias neste setor, iniciou no m\u00eas de mar\u00e7o, um trabalho de diagn\u00f3stico.<\/p>\n\n\n\n<p>A tecnologia da informa\u00e7\u00e3o (TI) est\u00e1 presente em praticamente todas as nossas atividades di\u00e1rias. A maioria dos dispositivos e ferramentas de trabalho com que interagimos possuem de uma forma ou de outra, o uso da tecnologia. Na Prefeitura de Santa Rosa o cen\u00e1rio n\u00e3o \u00e9 diferente. Percebendo a necessidade de melhorias neste setor, iniciou no m\u00eas de mar\u00e7o, um trabalho de diagn\u00f3stico. O trabalho est\u00e1 sendo desenvolvido com metodologias, ferramentas da qualidade e com a integra\u00e7\u00e3o entre os t\u00e9cnicos de inform\u00e1tica e demais servidores da Secretaria de Gest\u00e3o.<\/p>\n\n\n\n<p>O objetivo de ter um Setor de Tecnologia da Informa\u00e7\u00e3o, \u00e9 muito maior do que simplesmente ter computadores. Em geral, a utiliza\u00e7\u00e3o dos recursos de tecnologia da informa\u00e7\u00e3o \u00e9 a busca por maior produtividade, organiza\u00e7\u00e3o e melhoria nos servi\u00e7os oferecidos aos clientes internos e aos cidad\u00e3os. Para essa constante qualifica\u00e7\u00e3o, est\u00e1 sendo realizado um diagn\u00f3stico onde foram levantados 21 itens. Estes pontos tem influ\u00eancias diretas na performance da estrutura e nas atividades do dia a dia. Para o Secret\u00e1rio Ademir Rosa, n\u00e3o houve muitas surpresas no levantamento dos itens, pois tem se percebido as dificuldades diariamente. \u201cO diagn\u00f3stico mostrou a percep\u00e7\u00e3o da gest\u00e3o, por\u00e9m com o olhar t\u00e9cnico. O plano de a\u00e7\u00e3o est\u00e1 em andamento, j\u00e1 com sua prioriza\u00e7\u00e3o, a qual foi definida atrav\u00e9s de sua gravidade, urg\u00eancia e tend\u00eancia\u201d.<\/p>\n\n\n\n<p>Dentro os principais itens levantados, est\u00e3o a necessidade de elabora\u00e7\u00e3o de uma pol\u00edtica de TI adequada para o direcionamento dos servidores e setores, implanta\u00e7\u00e3o de n\u00edveis de servi\u00e7os, treinamento para usu\u00e1rios, implanta\u00e7\u00e3o de base de conhecimento, aproveitamento dos m\u00f3dulos do software existente, alinhamento de fluxos e estrutura\u00e7\u00e3o das redes WIFI e equipamentos. Os itens apontados ser\u00e3o trabalhados a partir deste m\u00eas de abril. O diagn\u00f3stico faz parte do planejamento da secretaria para os 100 dias de governo.<\/p>\n","protected":false},"excerpt":{"rendered":"<p>Na Prefeitura de Santa Rosa o cen\u00e1rio n\u00e3o \u00e9 diferente. Percebendo a necessidade de melhorias neste setor, iniciou no m\u00eas<\/p>\n","protected":false},"author":3,"featured_media":1682,"comment_status":"open","ping_status":"open","sticky":false,"template":"","format":"standard","meta":{"footnotes":""},"categories":[4,23],"tags":[],"class_list":["post-1681","post","type-post","status-publish","format-standard","has-post-thumbnail","hentry","category-noticias","category-secretaria-municipal-governanca-gestao"],"aioseo_notices":[],"_links":{"self":[{"href":"https:\/\/prefeitura.santarosa.rs.gov.br\/index.php?rest_route=\/wp\/v2\/posts\/1681","targetHints":{"allow":["GET"]}}],"collection":[{"href":"https:\/\/prefeitura.santarosa.rs.gov.br\/index.php?rest_route=\/wp\/v2\/posts"}],"about":[{"href":"https:\/\/prefeitura.santarosa.rs.gov.br\/index.php?rest_route=\/wp\/v2\/types\/post"}],"author":[{"embeddable":true,"href":"https:\/\/prefeitura.santarosa.rs.gov.br\/index.php?rest_route=\/wp\/v2\/users\/3"}],"replies":[{"embeddable":true,"href":"https:\/\/prefeitura.santarosa.rs.gov.br\/index.php?rest_route=%2Fwp%2Fv2%2Fcomments&post=1681"}],"version-history":[{"count":1,"href":"https:\/\/prefeitura.santarosa.rs.gov.br\/index.php?rest_route=\/wp\/v2\/posts\/1681\/revisions"}],"predecessor-version":[{"id":1683,"href":"https:\/\/prefeitura.santarosa.rs.gov.br\/index.php?rest_route=\/wp\/v2\/posts\/1681\/revisions\/1683"}],"wp:featuredmedia":[{"embeddable":true,"href":"https:\/\/prefeitura.santarosa.rs.gov.br\/index.php?rest_route=\/wp\/v2\/media\/1682"}],"wp:attachment":[{"href":"https:\/\/prefeitura.santarosa.rs.gov.br\/index.php?rest_route=%2Fwp%2Fv2%2Fmedia&parent=1681"}],"wp:term":[{"taxonomy":"category","embeddable":true,"href":"https:\/\/prefeitura.santarosa.rs.gov.br\/index.php?rest_route=%2Fwp%2Fv2%2Fcategories&post=1681"},{"taxonomy":"post_tag","embeddable":true,"href":"https:\/\/prefeitura.santarosa.rs.gov.br\/index.php?rest_route=%2Fwp%2Fv2%2Ftags&post=1681"}],"curies":[{"name":"wp","href":"https:\/\/api.w.org\/{rel}","templated":true}]}}