{"id":1678,"date":"2021-04-05T14:29:00","date_gmt":"2021-04-05T17:29:00","guid":{"rendered":"https:\/\/prefeitura.santarosa.rs.gov.br\/?p=1678"},"modified":"2024-10-07T09:55:15","modified_gmt":"2024-10-07T12:55:15","slug":"vacinacao-para-65-anos","status":"publish","type":"post","link":"https:\/\/prefeitura.santarosa.rs.gov.br\/?p=1678","title":{"rendered":"Vacina\u00e7\u00e3o para 65 anos"},"content":{"rendered":"\n<p>Foram recebidas 1290 doses.<\/p>\n\n\n\n<p>Nesta segunda-feira segue a vacina\u00e7\u00e3o em Santa Rosa. Pessoas com 65 anos est\u00e3o recebendo a primeira dose da vacina que foi destinada no fim da semana pelo estado. Foram recebidas 1290 doses. A vacina\u00e7\u00e3o acontece nos postos de sa\u00fade. Cada pessoa deve buscar sua unidade de refer\u00eancia para agendar a vacina\u00e7\u00e3o. No s\u00e1bado, as For\u00e7as de Seguran\u00e7a e Salvamento do munic\u00edpio foram vacinadas.<br>Para a Diretora Fabiana Breitenbach, a vacina\u00e7\u00e3o est\u00e1 tendo um processo bem organizado tanto por parte da popula\u00e7\u00e3o quanto da Funda\u00e7\u00e3o de Sa\u00fade, \u201cEstamos conseguindo vacinar de forma tranquila, a popula\u00e7\u00e3o est\u00e1 indo agendar, nossas equipes est\u00e3o organizadas e preparadas e estamos avan\u00e7ando de forma bem positiva\u201d. Santa Rosa recebeu at\u00e9 o momento 16.616 doses, sendo que 10.326 pessoas foram vacinadas at\u00e9 o \u00faltimo fim de semana(1\u00aa dose).<br>O munic\u00edpio teve na \u00faltima semana do m\u00eas de mar\u00e7o(22\/03 a 28\/03) 329 novos casos de covid. Na \u00faltima semana(29\/03 a 04\/03), o n\u00famero reduziu para 184 casos novos. D\u00e9lcio Stefan, Presidente da Funda\u00e7\u00e3o, destaca que mesmo com a redu\u00e7\u00e3o e a vacina, a popula\u00e7\u00e3o tem que manter os cuidados, \u201cEstamos na quinta semana de queda nos n\u00fameros de casos positivos, mas solicitamos que a popula\u00e7\u00e3o continue se cuidando, pois se cada um fizer sua parte vamos avan\u00e7ar ainda mais nessa luta\u201d. As informa\u00e7\u00f5es sobre a vacina\u00e7\u00e3o s\u00e3o atualizadas tamb\u00e9m no site da Funda\u00e7\u00e3o.<\/p>\n","protected":false},"excerpt":{"rendered":"<p>Foram recebidas 1290 doses. Nesta segunda-feira segue a vacina\u00e7\u00e3o em Santa Rosa. Pessoas com 65 anos est\u00e3o recebendo a primeira<\/p>\n","protected":false},"author":3,"featured_media":1679,"comment_status":"open","ping_status":"open","sticky":false,"template":"","format":"standard","meta":{"footnotes":""},"categories":[6,4,8],"tags":[],"class_list":["post-1678","post","type-post","status-publish","format-standard","has-post-thumbnail","hentry","category-covid-19","category-noticias","category-noticias-fumssar"],"aioseo_notices":[],"_links":{"self":[{"href":"https:\/\/prefeitura.santarosa.rs.gov.br\/index.php?rest_route=\/wp\/v2\/posts\/1678","targetHints":{"allow":["GET"]}}],"collection":[{"href":"https:\/\/prefeitura.santarosa.rs.gov.br\/index.php?rest_route=\/wp\/v2\/posts"}],"about":[{"href":"https:\/\/prefeitura.santarosa.rs.gov.br\/index.php?rest_route=\/wp\/v2\/types\/post"}],"author":[{"embeddable":true,"href":"https:\/\/prefeitura.santarosa.rs.gov.br\/index.php?rest_route=\/wp\/v2\/users\/3"}],"replies":[{"embeddable":true,"href":"https:\/\/prefeitura.santarosa.rs.gov.br\/index.php?rest_route=%2Fwp%2Fv2%2Fcomments&post=1678"}],"version-history":[{"count":1,"href":"https:\/\/prefeitura.santarosa.rs.gov.br\/index.php?rest_route=\/wp\/v2\/posts\/1678\/revisions"}],"predecessor-version":[{"id":1680,"href":"https:\/\/prefeitura.santarosa.rs.gov.br\/index.php?rest_route=\/wp\/v2\/posts\/1678\/revisions\/1680"}],"wp:featuredmedia":[{"embeddable":true,"href":"https:\/\/prefeitura.santarosa.rs.gov.br\/index.php?rest_route=\/wp\/v2\/media\/1679"}],"wp:attachment":[{"href":"https:\/\/prefeitura.santarosa.rs.gov.br\/index.php?rest_route=%2Fwp%2Fv2%2Fmedia&parent=1678"}],"wp:term":[{"taxonomy":"category","embeddable":true,"href":"https:\/\/prefeitura.santarosa.rs.gov.br\/index.php?rest_route=%2Fwp%2Fv2%2Fcategories&post=1678"},{"taxonomy":"post_tag","embeddable":true,"href":"https:\/\/prefeitura.santarosa.rs.gov.br\/index.php?rest_route=%2Fwp%2Fv2%2Ftags&post=1678"}],"curies":[{"name":"wp","href":"https:\/\/api.w.org\/{rel}","templated":true}]}}