{"id":1675,"date":"2021-04-05T15:34:00","date_gmt":"2021-04-05T18:34:00","guid":{"rendered":"https:\/\/prefeitura.santarosa.rs.gov.br\/?p=1675"},"modified":"2024-10-07T09:55:15","modified_gmt":"2024-10-07T12:55:15","slug":"prefeito-assina-decreto-em-prol-dos-autistas","status":"publish","type":"post","link":"https:\/\/prefeitura.santarosa.rs.gov.br\/?p=1675","title":{"rendered":"Prefeito assina Decreto em prol dos Autistas"},"content":{"rendered":"\n<p>Com base na Lei Federal n\u00ba12.764, ficou determinado que todo o autista poder\u00e1 ter uma carteira de identifica\u00e7\u00e3o.<\/p>\n\n\n\n<p>Os autistas da Santa Rosa acabam de vencer mais uma importante luta. Nesta manh\u00e3, o prefeito Anderson Mantei assinou o Decreto n\u00ba47 de 05 de abril para emiss\u00e3o de Carteira de Identifica\u00e7\u00e3o da Pessoa com Transtorno de Espectro Autista(CIPTEA). Essa era uma antiga demanda da Associa\u00e7\u00e3o dos Autistas de Santa Rosa.<br><br>Com base na Lei Federal n\u00ba12.764, ficou determinado que todo o autista poder\u00e1 ter uma carteira de identifica\u00e7\u00e3o. O objetivo \u00e9 garantir a aten\u00e7\u00e3o integral, pronto atendimento e prioridade no atendimento e no acesso aos servi\u00e7os p\u00fablicos e privados, em especial na \u00e1rea da sa\u00fade, educa\u00e7\u00e3o e assist\u00eancia social. Durante o ato que contou com a Presidente da Associa\u00e7\u00e3o dos Autistas de Santa Rosa, Ana Paula Calixto e o esposo vereador Douglas Calixto, o prefeito destacou que essa era uma de suas prioridades, \u201cEst\u00e1 entre minhas prioridades, ter um olhar sempre diferenciado por causas como a dos autistas. Me emociono em me colocar no lugar das fam\u00edlias, e sei o quanto esse ato vai poder auxiliar as atividades do dia a dia\u201d.<br><br>Para Ana Paula Calixto, esse decreto significa um grande avan\u00e7o. Ela destaca que ele \u00e9 de suma import\u00e2ncia pois muitos tem dificuldade em aguardar e a espera pode gerar ansiedade, \u201cEssa conquista \u00e9 muito importante para todos. N\u00f3s agradecemos muito o prefeito por ter priorizado esse grande avan\u00e7o para todos autistas e familiares de Santa Rosa\u201d. Para fazer a carteira o respons\u00e1vel legal ou cuidador dever\u00e1 apresentar requerimento na Funda\u00e7\u00e3o Municipal de Sa\u00fade para emiss\u00e3o e expedi\u00e7\u00e3o do documento.<\/p>\n","protected":false},"excerpt":{"rendered":"<p>Com base na Lei Federal n\u00ba12.764, ficou determinado que todo o autista poder\u00e1 ter uma carteira de identifica\u00e7\u00e3o. Os autistas<\/p>\n","protected":false},"author":3,"featured_media":1676,"comment_status":"open","ping_status":"open","sticky":false,"template":"","format":"standard","meta":{"footnotes":""},"categories":[4,3],"tags":[],"class_list":["post-1675","post","type-post","status-publish","format-standard","has-post-thumbnail","hentry","category-noticias","category-gabinete-do-prefeito"],"aioseo_notices":[],"_links":{"self":[{"href":"https:\/\/prefeitura.santarosa.rs.gov.br\/index.php?rest_route=\/wp\/v2\/posts\/1675","targetHints":{"allow":["GET"]}}],"collection":[{"href":"https:\/\/prefeitura.santarosa.rs.gov.br\/index.php?rest_route=\/wp\/v2\/posts"}],"about":[{"href":"https:\/\/prefeitura.santarosa.rs.gov.br\/index.php?rest_route=\/wp\/v2\/types\/post"}],"author":[{"embeddable":true,"href":"https:\/\/prefeitura.santarosa.rs.gov.br\/index.php?rest_route=\/wp\/v2\/users\/3"}],"replies":[{"embeddable":true,"href":"https:\/\/prefeitura.santarosa.rs.gov.br\/index.php?rest_route=%2Fwp%2Fv2%2Fcomments&post=1675"}],"version-history":[{"count":1,"href":"https:\/\/prefeitura.santarosa.rs.gov.br\/index.php?rest_route=\/wp\/v2\/posts\/1675\/revisions"}],"predecessor-version":[{"id":1677,"href":"https:\/\/prefeitura.santarosa.rs.gov.br\/index.php?rest_route=\/wp\/v2\/posts\/1675\/revisions\/1677"}],"wp:featuredmedia":[{"embeddable":true,"href":"https:\/\/prefeitura.santarosa.rs.gov.br\/index.php?rest_route=\/wp\/v2\/media\/1676"}],"wp:attachment":[{"href":"https:\/\/prefeitura.santarosa.rs.gov.br\/index.php?rest_route=%2Fwp%2Fv2%2Fmedia&parent=1675"}],"wp:term":[{"taxonomy":"category","embeddable":true,"href":"https:\/\/prefeitura.santarosa.rs.gov.br\/index.php?rest_route=%2Fwp%2Fv2%2Fcategories&post=1675"},{"taxonomy":"post_tag","embeddable":true,"href":"https:\/\/prefeitura.santarosa.rs.gov.br\/index.php?rest_route=%2Fwp%2Fv2%2Ftags&post=1675"}],"curies":[{"name":"wp","href":"https:\/\/api.w.org\/{rel}","templated":true}]}}