{"id":1672,"date":"2021-04-08T09:03:00","date_gmt":"2021-04-08T12:03:00","guid":{"rendered":"https:\/\/prefeitura.santarosa.rs.gov.br\/?p=1672"},"modified":"2024-10-07T09:55:15","modified_gmt":"2024-10-07T12:55:15","slug":"rede-municipal-atende-mais-de-35-alunos-autistas","status":"publish","type":"post","link":"https:\/\/prefeitura.santarosa.rs.gov.br\/?p=1672","title":{"rendered":"Rede Municipal atende mais de 35 alunos autistas"},"content":{"rendered":"\n<p>Na Rede Municipal de Educa\u00e7\u00e3o de Santa Rosa mais de 35 alunos autistas s\u00e3o atendidos.<\/p>\n\n\n\n<p>O dia 02 de abril \u00e9 reconhecido mundialmente como o dia de Conscientiza\u00e7\u00e3o do Autismo, a data foi institu\u00edda pela Organiza\u00e7\u00e3o das Na\u00e7\u00f5es Unidas (ONU) em dezembro de 2007. Assim, desde o dia 2 de abril de 2008, o mundo se ilumina de azul pela conscientiza\u00e7\u00e3o desse Transtorno que apresenta grande incid\u00eancia na atualidade. Na Rede Municipal de Educa\u00e7\u00e3o de Santa Rosa mais de 35 alunos autistas s\u00e3o atendidos.<\/p>\n\n\n\n<p>Caracterizado como um transtorno do neurodesenvolvimento, o TEA se manifesta durante toda a vida da pessoa, sendo que seus sintomas s\u00e3o identificados nos primeiros anos de vida. At\u00e9 o momento, n\u00e3o h\u00e1 nenhum marcador biol\u00f3gico e suas causas est\u00e3o relacionadas aos aspectos multifatoriais. Em Santa Rosa, a Rede Municipal conta com 37 alunos autistas, sendo 16 crian\u00e7as matriculadas na educa\u00e7\u00e3o infantil, e as demais, nas escolas de ensino fundamental.<\/p>\n\n\n\n<p>A Secret\u00e1ria Municipal de Educa\u00e7\u00e3o e Cultura, Lires Zimmermann, destaca que todos recebem o Atendimento Educacional Especializado (AEE), \u201cContamos com professoras com forma\u00e7\u00e3o e\/ou especializa\u00e7\u00e3o em Educa\u00e7\u00e3o Especial. Quando necess\u00e1rio a escola tamb\u00e9m conta com uma profissional de apoio (monitora ou estagi\u00e1ria) para atender da melhor forma o aluno\u201d. Na educa\u00e7\u00e3o infantil, as fam\u00edlias e escolas contam com o apoio pedag\u00f3gico do Centro de Atendimento Educacional Especializado &#8211; CAEE que tem como miss\u00e3o: atender as crian\u00e7as matriculadas nas escolas de Educa\u00e7\u00e3o Infantil que apresentam algum tipo de defici\u00eancia (auditiva, f\u00edsica, visual, intelectual), Transtorno do Espectro Autista e atraso em alguma \u00e1rea espec\u00edfica do seu desenvolvimento. Dessa forma, sempre que se verifica a necessidade, as crian\u00e7as s\u00e3o encaminhadas para receber esse atendimento complementar.<\/p>\n\n\n\n<p>A Secret\u00e1ria de Educa\u00e7\u00e3o destaca tamb\u00e9m que, desde a entrada da crian\u00e7a na rede municipal de educa\u00e7\u00e3o ela recebe um olhar cuidadoso, de todos os profissionais da escola, das psic\u00f3logas educacionais e tamb\u00e9m das professoras do AEE. O objetivo \u00e9 promover o desenvolvimento integral de cada educando. Por isso \u00e9 importante que a fam\u00edlia e a escola trabalhem em parceria e estejam atentas a presen\u00e7a de comportamentos at\u00edpicos das crian\u00e7as a fim de intervir precocemente e assim, contribuindo para o seu desenvolvimento.<\/p>\n","protected":false},"excerpt":{"rendered":"<p>Na Rede Municipal de Educa\u00e7\u00e3o de Santa Rosa mais de 35 alunos autistas s\u00e3o atendidos. O dia 02 de abril<\/p>\n","protected":false},"author":3,"featured_media":1673,"comment_status":"open","ping_status":"open","sticky":false,"template":"","format":"standard","meta":{"footnotes":""},"categories":[4,18],"tags":[],"class_list":["post-1672","post","type-post","status-publish","format-standard","has-post-thumbnail","hentry","category-noticias","category-secretaria-municipal-de-educacao-e-cultura"],"aioseo_notices":[],"_links":{"self":[{"href":"https:\/\/prefeitura.santarosa.rs.gov.br\/index.php?rest_route=\/wp\/v2\/posts\/1672","targetHints":{"allow":["GET"]}}],"collection":[{"href":"https:\/\/prefeitura.santarosa.rs.gov.br\/index.php?rest_route=\/wp\/v2\/posts"}],"about":[{"href":"https:\/\/prefeitura.santarosa.rs.gov.br\/index.php?rest_route=\/wp\/v2\/types\/post"}],"author":[{"embeddable":true,"href":"https:\/\/prefeitura.santarosa.rs.gov.br\/index.php?rest_route=\/wp\/v2\/users\/3"}],"replies":[{"embeddable":true,"href":"https:\/\/prefeitura.santarosa.rs.gov.br\/index.php?rest_route=%2Fwp%2Fv2%2Fcomments&post=1672"}],"version-history":[{"count":1,"href":"https:\/\/prefeitura.santarosa.rs.gov.br\/index.php?rest_route=\/wp\/v2\/posts\/1672\/revisions"}],"predecessor-version":[{"id":1674,"href":"https:\/\/prefeitura.santarosa.rs.gov.br\/index.php?rest_route=\/wp\/v2\/posts\/1672\/revisions\/1674"}],"wp:featuredmedia":[{"embeddable":true,"href":"https:\/\/prefeitura.santarosa.rs.gov.br\/index.php?rest_route=\/wp\/v2\/media\/1673"}],"wp:attachment":[{"href":"https:\/\/prefeitura.santarosa.rs.gov.br\/index.php?rest_route=%2Fwp%2Fv2%2Fmedia&parent=1672"}],"wp:term":[{"taxonomy":"category","embeddable":true,"href":"https:\/\/prefeitura.santarosa.rs.gov.br\/index.php?rest_route=%2Fwp%2Fv2%2Fcategories&post=1672"},{"taxonomy":"post_tag","embeddable":true,"href":"https:\/\/prefeitura.santarosa.rs.gov.br\/index.php?rest_route=%2Fwp%2Fv2%2Ftags&post=1672"}],"curies":[{"name":"wp","href":"https:\/\/api.w.org\/{rel}","templated":true}]}}