{"id":16691,"date":"2026-04-29T09:17:54","date_gmt":"2026-04-29T12:17:54","guid":{"rendered":"https:\/\/prefeitura.santarosa.rs.gov.br\/?p=16691"},"modified":"2026-04-30T09:19:33","modified_gmt":"2026-04-30T12:19:33","slug":"nova-emei-vai-ampliar-vagas-em-santa-rosa","status":"publish","type":"post","link":"https:\/\/prefeitura.santarosa.rs.gov.br\/?p=16691","title":{"rendered":"Nova EMEI vai ampliar vagas em Santa Rosa"},"content":{"rendered":"\n<figure class=\"wp-block-image size-large\"><img fetchpriority=\"high\" decoding=\"async\" width=\"1024\" height=\"768\" src=\"https:\/\/prefeitura.santarosa.rs.gov.br\/wp-content\/uploads\/2026\/04\/WhatsApp-Image-2026-04-29-at-16.19.03-1024x768.jpeg\" alt=\"\" class=\"wp-image-16692\" srcset=\"https:\/\/prefeitura.santarosa.rs.gov.br\/wp-content\/uploads\/2026\/04\/WhatsApp-Image-2026-04-29-at-16.19.03-1024x768.jpeg 1024w, https:\/\/prefeitura.santarosa.rs.gov.br\/wp-content\/uploads\/2026\/04\/WhatsApp-Image-2026-04-29-at-16.19.03-300x225.jpeg 300w, https:\/\/prefeitura.santarosa.rs.gov.br\/wp-content\/uploads\/2026\/04\/WhatsApp-Image-2026-04-29-at-16.19.03-768x576.jpeg 768w, https:\/\/prefeitura.santarosa.rs.gov.br\/wp-content\/uploads\/2026\/04\/WhatsApp-Image-2026-04-29-at-16.19.03-1536x1152.jpeg 1536w, https:\/\/prefeitura.santarosa.rs.gov.br\/wp-content\/uploads\/2026\/04\/WhatsApp-Image-2026-04-29-at-16.19.03.jpeg 1600w\" sizes=\"(max-width: 1024px) 100vw, 1024px\" \/><\/figure>\n\n\n\n<p>Nesta semana, a Prefeitura de Santa Rosa deu mais um passo importante para a educa\u00e7\u00e3o. O Prefeito Anderson Mantei assinou a ordem de in\u00edcio da EMEI Elias Scalco, no bairro Guia Lopes. O ato ocorreu no Parque de Exposi\u00e7\u00f5es e contou com a presen\u00e7a de secret\u00e1rios municipais. A nova escola foi planejada para atender at\u00e9 188 crian\u00e7as. A obra ter\u00e1 961,87 m\u00b2 de \u00e1rea constru\u00edda, 891,68 m\u00b2 de \u00e1rea externa e o projeto segue padr\u00f5es modernos de acessibilidade e seguran\u00e7a.<\/p>\n\n\n\n<p>O espa\u00e7o ir\u00e1 contar com revestimentos antiderrapantes e sanit\u00e1rios infantis adaptados. Tamb\u00e9m ter\u00e1 p\u00e1tio coberto e \u00e1reas pedag\u00f3gicas adequadas para o desenvolvimento das crian\u00e7as. A estrutura inclui sol\u00e1rios, frald\u00e1rios, cozinha e refeit\u00f3rio. A unidade ainda contar\u00e1 com lavanderia e \u00e1rea administrativa completa. O Prefeito Anderson Mantei destacou que a educa\u00e7\u00e3o tem sido uma das prioridades da Gest\u00e3o, \u201cO nosso objetivo \u00e9 garantir mais vagas e oferecer estruturas de qualidade para as nossas crian\u00e7as. Estamos construindo um futuro melhor, come\u00e7ando pela educa\u00e7\u00e3o\u201d.<\/p>\n\n\n\n<p>Nos primeiros quatro anos de governo, a Prefeitura j\u00e1 entregou as EMEIs Amor Perfeito, Andressa Ferreira e S\u00e3o Francisco. As a\u00e7\u00f5es fazem parte de um planejamento cont\u00ednuo de expans\u00e3o da rede municipal. Atualmente, al\u00e9m da EMEI Elias Scalco, est\u00e3o em constru\u00e7\u00e3o a EMEI Edwino Fehlauer e uma nova EMEF no bairro Montese. Outro projeto importante \u00e9 a escola em parceria com o SESI, na Avenida Am\u00e9rica. A previs\u00e3o \u00e9 que as obras iniciem ainda este ano. Com sete novas escolas, a expectativa do Governo Municipal \u00e9 criar cerca de 3.800 vagas em oito anos.<\/p>\n","protected":false},"excerpt":{"rendered":"<p>Nesta semana, a Prefeitura de Santa Rosa deu mais um passo importante para a educa\u00e7\u00e3o. O Prefeito Anderson Mantei assinou<\/p>\n","protected":false},"author":12,"featured_media":16693,"comment_status":"closed","ping_status":"closed","sticky":false,"template":"","format":"standard","meta":{"footnotes":""},"categories":[4,22],"tags":[],"class_list":["post-16691","post","type-post","status-publish","format-standard","has-post-thumbnail","hentry","category-noticias","category-secretaria-municipal-de-planejamento-e-habitacao"],"aioseo_notices":[],"_links":{"self":[{"href":"https:\/\/prefeitura.santarosa.rs.gov.br\/index.php?rest_route=\/wp\/v2\/posts\/16691","targetHints":{"allow":["GET"]}}],"collection":[{"href":"https:\/\/prefeitura.santarosa.rs.gov.br\/index.php?rest_route=\/wp\/v2\/posts"}],"about":[{"href":"https:\/\/prefeitura.santarosa.rs.gov.br\/index.php?rest_route=\/wp\/v2\/types\/post"}],"author":[{"embeddable":true,"href":"https:\/\/prefeitura.santarosa.rs.gov.br\/index.php?rest_route=\/wp\/v2\/users\/12"}],"replies":[{"embeddable":true,"href":"https:\/\/prefeitura.santarosa.rs.gov.br\/index.php?rest_route=%2Fwp%2Fv2%2Fcomments&post=16691"}],"version-history":[{"count":1,"href":"https:\/\/prefeitura.santarosa.rs.gov.br\/index.php?rest_route=\/wp\/v2\/posts\/16691\/revisions"}],"predecessor-version":[{"id":16694,"href":"https:\/\/prefeitura.santarosa.rs.gov.br\/index.php?rest_route=\/wp\/v2\/posts\/16691\/revisions\/16694"}],"wp:featuredmedia":[{"embeddable":true,"href":"https:\/\/prefeitura.santarosa.rs.gov.br\/index.php?rest_route=\/wp\/v2\/media\/16693"}],"wp:attachment":[{"href":"https:\/\/prefeitura.santarosa.rs.gov.br\/index.php?rest_route=%2Fwp%2Fv2%2Fmedia&parent=16691"}],"wp:term":[{"taxonomy":"category","embeddable":true,"href":"https:\/\/prefeitura.santarosa.rs.gov.br\/index.php?rest_route=%2Fwp%2Fv2%2Fcategories&post=16691"},{"taxonomy":"post_tag","embeddable":true,"href":"https:\/\/prefeitura.santarosa.rs.gov.br\/index.php?rest_route=%2Fwp%2Fv2%2Ftags&post=16691"}],"curies":[{"name":"wp","href":"https:\/\/api.w.org\/{rel}","templated":true}]}}