{"id":1669,"date":"2021-04-08T13:59:00","date_gmt":"2021-04-08T16:59:00","guid":{"rendered":"https:\/\/prefeitura.santarosa.rs.gov.br\/?p=1669"},"modified":"2024-10-07T09:55:15","modified_gmt":"2024-10-07T12:55:15","slug":"prefeito-assina-ordem-de-inicio-de-pavimentacao-em-candeia","status":"publish","type":"post","link":"https:\/\/prefeitura.santarosa.rs.gov.br\/?p=1669","title":{"rendered":"Prefeito assina ordem de in\u00edcio de pavimenta\u00e7\u00e3o em Candeia"},"content":{"rendered":"\n<p>A \u00e1rea de pavimenta\u00e7\u00e3o \u00e9 de 8.914,98 m\u00b2.<\/p>\n\n\n\n<p>Mais uma importante obra de pavimenta\u00e7\u00e3o come\u00e7ou neste m\u00eas. O cal\u00e7amento ser\u00e1 realizado na estrada de acesso a comunidade de Candeia e a Olaria Waldow. O trecho de pavimenta\u00e7\u00e3o ocorre pela RS344 para estrada vicinal da localidade. O Prefeito Anderson Mantei assinou a ordem de in\u00edcio para a obra que deve durar cerca de 180 dias, \u201cEssa \u00e9 mais uma importante obra que estamos dando andamento, pois esse \u00e9 um importante acesso do interior\u201d. Tamb\u00e9m ser\u00e3o feitas obras complementares de drenagem e meio-fio. O valor de investimento \u00e9 de R$ 499.756,75. A \u00e1rea de pavimenta\u00e7\u00e3o \u00e9 de 8.914,98 m\u00b2.<\/p>\n","protected":false},"excerpt":{"rendered":"<p>A \u00e1rea de pavimenta\u00e7\u00e3o \u00e9 de 8.914,98 m\u00b2. Mais uma importante obra de pavimenta\u00e7\u00e3o come\u00e7ou neste m\u00eas. O cal\u00e7amento ser\u00e1<\/p>\n","protected":false},"author":3,"featured_media":1670,"comment_status":"open","ping_status":"open","sticky":false,"template":"","format":"standard","meta":{"footnotes":""},"categories":[4,3],"tags":[],"class_list":["post-1669","post","type-post","status-publish","format-standard","has-post-thumbnail","hentry","category-noticias","category-gabinete-do-prefeito"],"aioseo_notices":[],"_links":{"self":[{"href":"https:\/\/prefeitura.santarosa.rs.gov.br\/index.php?rest_route=\/wp\/v2\/posts\/1669","targetHints":{"allow":["GET"]}}],"collection":[{"href":"https:\/\/prefeitura.santarosa.rs.gov.br\/index.php?rest_route=\/wp\/v2\/posts"}],"about":[{"href":"https:\/\/prefeitura.santarosa.rs.gov.br\/index.php?rest_route=\/wp\/v2\/types\/post"}],"author":[{"embeddable":true,"href":"https:\/\/prefeitura.santarosa.rs.gov.br\/index.php?rest_route=\/wp\/v2\/users\/3"}],"replies":[{"embeddable":true,"href":"https:\/\/prefeitura.santarosa.rs.gov.br\/index.php?rest_route=%2Fwp%2Fv2%2Fcomments&post=1669"}],"version-history":[{"count":1,"href":"https:\/\/prefeitura.santarosa.rs.gov.br\/index.php?rest_route=\/wp\/v2\/posts\/1669\/revisions"}],"predecessor-version":[{"id":1671,"href":"https:\/\/prefeitura.santarosa.rs.gov.br\/index.php?rest_route=\/wp\/v2\/posts\/1669\/revisions\/1671"}],"wp:featuredmedia":[{"embeddable":true,"href":"https:\/\/prefeitura.santarosa.rs.gov.br\/index.php?rest_route=\/wp\/v2\/media\/1670"}],"wp:attachment":[{"href":"https:\/\/prefeitura.santarosa.rs.gov.br\/index.php?rest_route=%2Fwp%2Fv2%2Fmedia&parent=1669"}],"wp:term":[{"taxonomy":"category","embeddable":true,"href":"https:\/\/prefeitura.santarosa.rs.gov.br\/index.php?rest_route=%2Fwp%2Fv2%2Fcategories&post=1669"},{"taxonomy":"post_tag","embeddable":true,"href":"https:\/\/prefeitura.santarosa.rs.gov.br\/index.php?rest_route=%2Fwp%2Fv2%2Ftags&post=1669"}],"curies":[{"name":"wp","href":"https:\/\/api.w.org\/{rel}","templated":true}]}}