{"id":16686,"date":"2026-04-28T13:41:16","date_gmt":"2026-04-28T16:41:16","guid":{"rendered":"https:\/\/prefeitura.santarosa.rs.gov.br\/?p=16686"},"modified":"2026-04-29T13:41:58","modified_gmt":"2026-04-29T16:41:58","slug":"obras-da-pista-do-aeroporto-e-do-novo-terminal-de-passageiros-avancam-em-santa-rosa","status":"publish","type":"post","link":"https:\/\/prefeitura.santarosa.rs.gov.br\/?p=16686","title":{"rendered":"Obras da pista do aeroporto e do novo terminal de passageiros avan\u00e7am em Santa Rosa"},"content":{"rendered":"\n<figure class=\"wp-block-image size-large\"><img fetchpriority=\"high\" decoding=\"async\" width=\"1024\" height=\"682\" src=\"https:\/\/prefeitura.santarosa.rs.gov.br\/wp-content\/uploads\/2026\/04\/WhatsApp-Image-2026-04-28-at-17.01.14-1024x682.jpeg\" alt=\"\" class=\"wp-image-16687\" srcset=\"https:\/\/prefeitura.santarosa.rs.gov.br\/wp-content\/uploads\/2026\/04\/WhatsApp-Image-2026-04-28-at-17.01.14-1024x682.jpeg 1024w, https:\/\/prefeitura.santarosa.rs.gov.br\/wp-content\/uploads\/2026\/04\/WhatsApp-Image-2026-04-28-at-17.01.14-300x200.jpeg 300w, https:\/\/prefeitura.santarosa.rs.gov.br\/wp-content\/uploads\/2026\/04\/WhatsApp-Image-2026-04-28-at-17.01.14-768x512.jpeg 768w, https:\/\/prefeitura.santarosa.rs.gov.br\/wp-content\/uploads\/2026\/04\/WhatsApp-Image-2026-04-28-at-17.01.14-1536x1023.jpeg 1536w, https:\/\/prefeitura.santarosa.rs.gov.br\/wp-content\/uploads\/2026\/04\/WhatsApp-Image-2026-04-28-at-17.01.14.jpeg 1600w\" sizes=\"(max-width: 1024px) 100vw, 1024px\" \/><\/figure>\n\n\n\n<p>As obras do novo Aeroporto de Santa Rosa est\u00e3o em ritmo acelerado. O terminal de passageiros, que ter\u00e1 mais de 1.500 m\u00b2, j\u00e1 alcan\u00e7ou a marca de 25% de conclus\u00e3o com toda a estrutura levantada e coberta. As equipes agora concentram esfor\u00e7os nos servi\u00e7os de fechamento das paredes, instala\u00e7\u00f5es internas e coloca\u00e7\u00e3o de pisos para garantir a moderniza\u00e7\u00e3o do espa\u00e7o. O investimento \u00e9 de cerca de R$ 16 milh\u00f5es.<\/p>\n\n\n\n<p>A nova pista, considerada a parte mais complexa do projeto, tamb\u00e9m registra progressos significativos e j\u00e1 atingiu 50% de execu\u00e7\u00e3o total. O trabalho de terraplanagem tamb\u00e9m j\u00e1 avan\u00e7ou muito e est\u00e1 seguindo para conclus\u00e3o desta etapa fundamental. Em paralelo, a pavimenta\u00e7\u00e3o asf\u00e1ltica que ter\u00e1 suporte para aeronaves de grande porte j\u00e1 foi iniciada em uma das extremidades.<\/p>\n\n\n\n<p>Para garantir que cada detalhe t\u00e9cnico atenda rigorosamente aos padr\u00f5es internacionais, a prefeitura contratou um engenheiro especialista em aeron\u00e1utica da Infraero. Este profissional atua como fiscal residente e acompanha diariamente o canteiro de obras para assegurar que todas as normas da avia\u00e7\u00e3o civil sejam cumpridas. Essa fiscaliza\u00e7\u00e3o rigorosa \u00e9 o que ir\u00e1 garantir agilidade no processo de homologa\u00e7\u00e3o da pista junto \u00e0s autoridades federais assim que a constru\u00e7\u00e3o for finalizada. O Prefeito Anderson Mantei reafirma que este investimento representa o maior salto de desenvolvimento da hist\u00f3ria do munic\u00edpio, \u201cEstamos construindo muito mais que uma pista ou um terminal, estamos pavimentando o caminho para novos investimentos e oportunidades que Santa Rosa nunca viu antes\u201d.<\/p>\n\n\n\n<p>O Governo Municipal tamb\u00e9m j\u00e1 est\u00e1 em tratativa com grandes companhias a\u00e9reas e \u00f3rg\u00e3os da avia\u00e7\u00e3o brasileira para quando a obra for conclu\u00edda, iniciar as opera\u00e7\u00f5es de voos regulares. O objetivo \u00e9 instalar equipamentos de \u00faltima gera\u00e7\u00e3o que ofere\u00e7am seguran\u00e7a total para pousos e decolagens de aeronaves com capacidade para at\u00e9 185 passageiros.<\/p>\n","protected":false},"excerpt":{"rendered":"<p>As obras do novo Aeroporto de Santa Rosa est\u00e3o em ritmo acelerado. O terminal de passageiros, que ter\u00e1 mais de<\/p>\n","protected":false},"author":12,"featured_media":16688,"comment_status":"closed","ping_status":"closed","sticky":false,"template":"","format":"standard","meta":{"footnotes":""},"categories":[4,22],"tags":[],"class_list":["post-16686","post","type-post","status-publish","format-standard","has-post-thumbnail","hentry","category-noticias","category-secretaria-municipal-de-planejamento-e-habitacao"],"aioseo_notices":[],"_links":{"self":[{"href":"https:\/\/prefeitura.santarosa.rs.gov.br\/index.php?rest_route=\/wp\/v2\/posts\/16686","targetHints":{"allow":["GET"]}}],"collection":[{"href":"https:\/\/prefeitura.santarosa.rs.gov.br\/index.php?rest_route=\/wp\/v2\/posts"}],"about":[{"href":"https:\/\/prefeitura.santarosa.rs.gov.br\/index.php?rest_route=\/wp\/v2\/types\/post"}],"author":[{"embeddable":true,"href":"https:\/\/prefeitura.santarosa.rs.gov.br\/index.php?rest_route=\/wp\/v2\/users\/12"}],"replies":[{"embeddable":true,"href":"https:\/\/prefeitura.santarosa.rs.gov.br\/index.php?rest_route=%2Fwp%2Fv2%2Fcomments&post=16686"}],"version-history":[{"count":1,"href":"https:\/\/prefeitura.santarosa.rs.gov.br\/index.php?rest_route=\/wp\/v2\/posts\/16686\/revisions"}],"predecessor-version":[{"id":16689,"href":"https:\/\/prefeitura.santarosa.rs.gov.br\/index.php?rest_route=\/wp\/v2\/posts\/16686\/revisions\/16689"}],"wp:featuredmedia":[{"embeddable":true,"href":"https:\/\/prefeitura.santarosa.rs.gov.br\/index.php?rest_route=\/wp\/v2\/media\/16688"}],"wp:attachment":[{"href":"https:\/\/prefeitura.santarosa.rs.gov.br\/index.php?rest_route=%2Fwp%2Fv2%2Fmedia&parent=16686"}],"wp:term":[{"taxonomy":"category","embeddable":true,"href":"https:\/\/prefeitura.santarosa.rs.gov.br\/index.php?rest_route=%2Fwp%2Fv2%2Fcategories&post=16686"},{"taxonomy":"post_tag","embeddable":true,"href":"https:\/\/prefeitura.santarosa.rs.gov.br\/index.php?rest_route=%2Fwp%2Fv2%2Ftags&post=16686"}],"curies":[{"name":"wp","href":"https:\/\/api.w.org\/{rel}","templated":true}]}}