{"id":16677,"date":"2026-04-27T07:58:03","date_gmt":"2026-04-27T10:58:03","guid":{"rendered":"https:\/\/prefeitura.santarosa.rs.gov.br\/?p=16677"},"modified":"2026-04-28T07:58:52","modified_gmt":"2026-04-28T10:58:52","slug":"equipe-da-secretaria-de-desenvolvimento-social-recebe-orientacoes-sobre-o-abril-verde","status":"publish","type":"post","link":"https:\/\/prefeitura.santarosa.rs.gov.br\/?p=16677","title":{"rendered":"Equipe da Secretaria de Desenvolvimento Social recebe orienta\u00e7\u00f5es sobre o Abril Verde"},"content":{"rendered":"\n<figure class=\"wp-block-image size-large\"><img fetchpriority=\"high\" decoding=\"async\" width=\"1024\" height=\"768\" src=\"https:\/\/prefeitura.santarosa.rs.gov.br\/wp-content\/uploads\/2026\/04\/WhatsApp-Image-2026-04-27-at-16.25.46-1024x768.jpeg\" alt=\"\" class=\"wp-image-16678\" srcset=\"https:\/\/prefeitura.santarosa.rs.gov.br\/wp-content\/uploads\/2026\/04\/WhatsApp-Image-2026-04-27-at-16.25.46-1024x768.jpeg 1024w, https:\/\/prefeitura.santarosa.rs.gov.br\/wp-content\/uploads\/2026\/04\/WhatsApp-Image-2026-04-27-at-16.25.46-300x225.jpeg 300w, https:\/\/prefeitura.santarosa.rs.gov.br\/wp-content\/uploads\/2026\/04\/WhatsApp-Image-2026-04-27-at-16.25.46-768x576.jpeg 768w, https:\/\/prefeitura.santarosa.rs.gov.br\/wp-content\/uploads\/2026\/04\/WhatsApp-Image-2026-04-27-at-16.25.46-1536x1152.jpeg 1536w, https:\/\/prefeitura.santarosa.rs.gov.br\/wp-content\/uploads\/2026\/04\/WhatsApp-Image-2026-04-27-at-16.25.46.jpeg 1600w\" sizes=\"(max-width: 1024px) 100vw, 1024px\" \/><\/figure>\n\n\n\n<p>O Centro de Refer\u00eancia em Sa\u00fade do Trabalhador de Santa Rosa \u2013 CEREST Fronteira Noroeste promoveu uma importante etapa da campanha Abril Verde na \u00faltima semana. O encontro reuniu a equipe da Secretaria de Desenvolvimento Social para um momento de conscientiza\u00e7\u00e3o e cuidado. As atividades ocorreram no CRAS V\u00f3 Maria Pedrazza e focaram na preven\u00e7\u00e3o de acidentes e promo\u00e7\u00e3o da sa\u00fade do trabalhador.<\/p>\n\n\n\n<p>A coordenadora do Cerest, Luciana Buuron, realizou a abertura do evento apresentando os servi\u00e7os da unidade. Ela detalhou o cronograma de a\u00e7\u00f5es do Abril Verde e refor\u00e7ou a import\u00e2ncia da preven\u00e7\u00e3o constante. O objetivo central foi integrar os profissionais e destacar a rede de apoio dispon\u00edvel no munic\u00edpio. A Secret\u00e1ria de Desenvolvimento Social, Deolmira Girardi, destacou a iniciativa e o engajamento dos profissionais durante a capacita\u00e7\u00e3o, &#8220;Investir em momentos de di\u00e1logo e preven\u00e7\u00e3o \u00e9 fundamental para que nossa equipe trabalhe com seguran\u00e7a e acolhimento, refletindo diretamente na qualidade do atendimento prestado \u00e0 nossa comunidade&#8221;.<\/p>\n\n\n\n<p>A sa\u00fade mental ganhou destaque com a fala da psic\u00f3loga Maria Luiza. Ela abordou o equil\u00edbrio emocional e os fatores que influenciam o bem-estar no ambiente corporativo. Para movimentar o grupo, o professor de educa\u00e7\u00e3o f\u00edsica Rog\u00e9rio conduziu uma din\u00e2mica pr\u00e1tica. A atividade buscou aliviar as tens\u00f5es do dia a dia e incentivar h\u00e1bitos saud\u00e1veis entre os colaboradores.<\/p>\n","protected":false},"excerpt":{"rendered":"<p>O Centro de Refer\u00eancia em Sa\u00fade do Trabalhador de Santa Rosa \u2013 CEREST Fronteira Noroeste promoveu uma importante etapa da<\/p>\n","protected":false},"author":12,"featured_media":16679,"comment_status":"closed","ping_status":"closed","sticky":false,"template":"","format":"standard","meta":{"footnotes":""},"categories":[4,17],"tags":[],"class_list":["post-16677","post","type-post","status-publish","format-standard","has-post-thumbnail","hentry","category-noticias","category-secretaria-municipal-de-desenvolvimento-social"],"aioseo_notices":[],"_links":{"self":[{"href":"https:\/\/prefeitura.santarosa.rs.gov.br\/index.php?rest_route=\/wp\/v2\/posts\/16677","targetHints":{"allow":["GET"]}}],"collection":[{"href":"https:\/\/prefeitura.santarosa.rs.gov.br\/index.php?rest_route=\/wp\/v2\/posts"}],"about":[{"href":"https:\/\/prefeitura.santarosa.rs.gov.br\/index.php?rest_route=\/wp\/v2\/types\/post"}],"author":[{"embeddable":true,"href":"https:\/\/prefeitura.santarosa.rs.gov.br\/index.php?rest_route=\/wp\/v2\/users\/12"}],"replies":[{"embeddable":true,"href":"https:\/\/prefeitura.santarosa.rs.gov.br\/index.php?rest_route=%2Fwp%2Fv2%2Fcomments&post=16677"}],"version-history":[{"count":1,"href":"https:\/\/prefeitura.santarosa.rs.gov.br\/index.php?rest_route=\/wp\/v2\/posts\/16677\/revisions"}],"predecessor-version":[{"id":16680,"href":"https:\/\/prefeitura.santarosa.rs.gov.br\/index.php?rest_route=\/wp\/v2\/posts\/16677\/revisions\/16680"}],"wp:featuredmedia":[{"embeddable":true,"href":"https:\/\/prefeitura.santarosa.rs.gov.br\/index.php?rest_route=\/wp\/v2\/media\/16679"}],"wp:attachment":[{"href":"https:\/\/prefeitura.santarosa.rs.gov.br\/index.php?rest_route=%2Fwp%2Fv2%2Fmedia&parent=16677"}],"wp:term":[{"taxonomy":"category","embeddable":true,"href":"https:\/\/prefeitura.santarosa.rs.gov.br\/index.php?rest_route=%2Fwp%2Fv2%2Fcategories&post=16677"},{"taxonomy":"post_tag","embeddable":true,"href":"https:\/\/prefeitura.santarosa.rs.gov.br\/index.php?rest_route=%2Fwp%2Fv2%2Ftags&post=16677"}],"curies":[{"name":"wp","href":"https:\/\/api.w.org\/{rel}","templated":true}]}}