{"id":16663,"date":"2026-04-27T10:45:54","date_gmt":"2026-04-27T13:45:54","guid":{"rendered":"https:\/\/prefeitura.santarosa.rs.gov.br\/?p=16663"},"modified":"2026-04-27T10:45:55","modified_gmt":"2026-04-27T13:45:55","slug":"prefeito-transfere-gabinete-para-o-parque-e-intensifica-preparativos-para-a-fenasoja","status":"publish","type":"post","link":"https:\/\/prefeitura.santarosa.rs.gov.br\/?p=16663","title":{"rendered":"Prefeito transfere gabinete para o parque e intensifica preparativos para a Fenasoja"},"content":{"rendered":"\n<figure class=\"wp-block-image size-large\"><img fetchpriority=\"high\" decoding=\"async\" width=\"1024\" height=\"770\" src=\"https:\/\/prefeitura.santarosa.rs.gov.br\/wp-content\/uploads\/2026\/04\/WhatsApp-Image-2026-04-27-at-08.28.28-1024x770.jpeg\" alt=\"\" class=\"wp-image-16664\" srcset=\"https:\/\/prefeitura.santarosa.rs.gov.br\/wp-content\/uploads\/2026\/04\/WhatsApp-Image-2026-04-27-at-08.28.28-1024x770.jpeg 1024w, https:\/\/prefeitura.santarosa.rs.gov.br\/wp-content\/uploads\/2026\/04\/WhatsApp-Image-2026-04-27-at-08.28.28-300x226.jpeg 300w, https:\/\/prefeitura.santarosa.rs.gov.br\/wp-content\/uploads\/2026\/04\/WhatsApp-Image-2026-04-27-at-08.28.28-768x578.jpeg 768w, https:\/\/prefeitura.santarosa.rs.gov.br\/wp-content\/uploads\/2026\/04\/WhatsApp-Image-2026-04-27-at-08.28.28.jpeg 1280w\" sizes=\"(max-width: 1024px) 100vw, 1024px\" \/><\/figure>\n\n\n\n<p>O Prefeito Anderson Mantei iniciou a manh\u00e3 desta segunda-feira (27), despachando diretamente do Parque de Exposi\u00e7\u00f5es Alfredo Leandro Carlson. A transfer\u00eancia estrat\u00e9gica do gabinete busca acompanhar de perto a reta final dos preparativos para a Fenasoja 2026.<\/p>\n\n\n\n<p>Logo nas primeiras horas do dia, Anderson realizou uma reuni\u00e3o com os vereadores no novo espa\u00e7o administrativo dentro do parque. O encontro serviu para alinhar as demandas da feira e discutir os impactos positivos do evento para Santa Rosa.<\/p>\n\n\n\n<p>Desde a \u00faltima semana, o prefeito manteve presen\u00e7a di\u00e1ria no parque para oferecer apoio total aos volunt\u00e1rios que trabalham na constru\u00e7\u00e3o desta edi\u00e7\u00e3o. Um dos grandes destaques desta semana ser\u00e1 a realiza\u00e7\u00e3o do Soy Summit Fenasoja 2026. O semin\u00e1rio ir\u00e1 abordar temas como a cadeia produtiva da soja, pesquisas avan\u00e7adas de campo e as oscila\u00e7\u00f5es de pre\u00e7os no mercado. O Prefeito Anderson Mantei ressaltou a import\u00e2ncia dessas discuss\u00f5es t\u00e9cnicas, \u201cEste debate sobre os custos \u00e9 muito oportuno, pois a gest\u00e3o precisa entregar vis\u00f5es de futuro e alternativas para o produtor que tanto vem sofrendo\u201d.<\/p>\n\n\n\n<p>Mantei tamb\u00e9m enfatizou que a edi\u00e7\u00e3o de 2026 reservou um momento especial para o reconhecimento do setor. Ap\u00f3s o Soy Summit, ser\u00e1 realizada a entrega de um pr\u00eamio para destacar pessoas que levaram o agroneg\u00f3cio para frente. Para Anderson Mantei, existe muito espa\u00e7o para avan\u00e7ar e a Fenasoja \u00e9 a vitrine ideal para impulsionar essas transforma\u00e7\u00f5es necess\u00e1rias.<\/p>\n\n\n\n<p>A Fenasoja 2026 acontece de 01 a 10 de maio e promete movimentar a economia regional com inova\u00e7\u00e3o e neg\u00f3cios. Toda a estrutura do Parque de Exposi\u00e7\u00f5es Alfredo Leandro Carlson est\u00e1 sendo preparada para receber milhares de visitantes de diversas partes do pa\u00eds e do exterior.<\/p>\n","protected":false},"excerpt":{"rendered":"<p>O Prefeito Anderson Mantei iniciou a manh\u00e3 desta segunda-feira (27), despachando diretamente do Parque de Exposi\u00e7\u00f5es Alfredo Leandro Carlson. A<\/p>\n","protected":false},"author":12,"featured_media":16665,"comment_status":"closed","ping_status":"closed","sticky":false,"template":"","format":"standard","meta":{"footnotes":""},"categories":[4,3],"tags":[],"class_list":["post-16663","post","type-post","status-publish","format-standard","has-post-thumbnail","hentry","category-noticias","category-gabinete-do-prefeito"],"aioseo_notices":[],"_links":{"self":[{"href":"https:\/\/prefeitura.santarosa.rs.gov.br\/index.php?rest_route=\/wp\/v2\/posts\/16663","targetHints":{"allow":["GET"]}}],"collection":[{"href":"https:\/\/prefeitura.santarosa.rs.gov.br\/index.php?rest_route=\/wp\/v2\/posts"}],"about":[{"href":"https:\/\/prefeitura.santarosa.rs.gov.br\/index.php?rest_route=\/wp\/v2\/types\/post"}],"author":[{"embeddable":true,"href":"https:\/\/prefeitura.santarosa.rs.gov.br\/index.php?rest_route=\/wp\/v2\/users\/12"}],"replies":[{"embeddable":true,"href":"https:\/\/prefeitura.santarosa.rs.gov.br\/index.php?rest_route=%2Fwp%2Fv2%2Fcomments&post=16663"}],"version-history":[{"count":1,"href":"https:\/\/prefeitura.santarosa.rs.gov.br\/index.php?rest_route=\/wp\/v2\/posts\/16663\/revisions"}],"predecessor-version":[{"id":16666,"href":"https:\/\/prefeitura.santarosa.rs.gov.br\/index.php?rest_route=\/wp\/v2\/posts\/16663\/revisions\/16666"}],"wp:featuredmedia":[{"embeddable":true,"href":"https:\/\/prefeitura.santarosa.rs.gov.br\/index.php?rest_route=\/wp\/v2\/media\/16665"}],"wp:attachment":[{"href":"https:\/\/prefeitura.santarosa.rs.gov.br\/index.php?rest_route=%2Fwp%2Fv2%2Fmedia&parent=16663"}],"wp:term":[{"taxonomy":"category","embeddable":true,"href":"https:\/\/prefeitura.santarosa.rs.gov.br\/index.php?rest_route=%2Fwp%2Fv2%2Fcategories&post=16663"},{"taxonomy":"post_tag","embeddable":true,"href":"https:\/\/prefeitura.santarosa.rs.gov.br\/index.php?rest_route=%2Fwp%2Fv2%2Ftags&post=16663"}],"curies":[{"name":"wp","href":"https:\/\/api.w.org\/{rel}","templated":true}]}}