{"id":1666,"date":"2021-04-08T15:24:00","date_gmt":"2021-04-08T18:24:00","guid":{"rendered":"https:\/\/prefeitura.santarosa.rs.gov.br\/?p=1666"},"modified":"2024-10-07T09:55:14","modified_gmt":"2024-10-07T12:55:14","slug":"prefeitura-incentiva-melhorias-no-camelodromo","status":"publish","type":"post","link":"https:\/\/prefeitura.santarosa.rs.gov.br\/?p=1666","title":{"rendered":"Prefeitura incentiva melhorias no Camel\u00f3dromo"},"content":{"rendered":"\n<p>Em fun\u00e7\u00e3o da pandemia, para oferecer mais seguran\u00e7a para a popula\u00e7\u00e3o, h\u00e1 2 meses, a equipe come\u00e7ou os trabalhos reunindo os vendedores e notificando individualmente sobre cada espa\u00e7o.<\/p>\n\n\n\n<p>Com o objetivo de deixar o ambiente mais organizado e melhorar o fluxo no local, a Prefeitura realizou uma readequa\u00e7\u00e3o no Camel\u00f3dromo de Santa Rosa. Hoje, 11 pessoas t\u00eam espa\u00e7o comercial na pra\u00e7a 10 de Agosto. Desde fevereiro, o Setor de Expans\u00e3o Econ\u00f4mica da Secretaria de Desenvolvimento Econ\u00f4mico, Turismo e Tecnologia est\u00e1 desenvolvendo melhorias no local.<\/p>\n\n\n\n<p>Em fun\u00e7\u00e3o da pandemia, para oferecer mais seguran\u00e7a para a popula\u00e7\u00e3o, h\u00e1 2 meses, a equipe come\u00e7ou os trabalhos reunindo os vendedores e notificando individualmente sobre cada espa\u00e7o. A inten\u00e7\u00e3o principal foi adequar a limita\u00e7\u00e3o do local e o padr\u00e3o de organiza\u00e7\u00e3o. Ap\u00f3s, tamb\u00e9m foram realizadas melhorias no espa\u00e7o do Camel\u00f3dromo. Segundo o Secret\u00e1rio Odaylson Eder, \u201cPercebemos que o espa\u00e7o estava bastante polu\u00eddo e sem padr\u00e3o de organiza\u00e7\u00e3o, o que n\u00e3o tornava atrativo para a popula\u00e7\u00e3o, al\u00e9m de ser em uma \u00e1rea central da cidade. Agora, com as melhorias, o local ficou muito mais organizado e adequado aos protocolos de seguran\u00e7a\u201d. Tamb\u00e9m est\u00e1 prevista a poda nas \u00e1rvores da pra\u00e7a para melhorar a visibilidade.<\/p>\n","protected":false},"excerpt":{"rendered":"<p>Em fun\u00e7\u00e3o da pandemia, para oferecer mais seguran\u00e7a para a popula\u00e7\u00e3o, h\u00e1 2 meses, a equipe come\u00e7ou os trabalhos reunindo<\/p>\n","protected":false},"author":3,"featured_media":1667,"comment_status":"open","ping_status":"open","sticky":false,"template":"","format":"standard","meta":{"footnotes":""},"categories":[4,16],"tags":[],"class_list":["post-1666","post","type-post","status-publish","format-standard","has-post-thumbnail","hentry","category-noticias","category-secretaria-municipal-de-desenvolvimento-economico-turismo-e-tecnologia"],"aioseo_notices":[],"_links":{"self":[{"href":"https:\/\/prefeitura.santarosa.rs.gov.br\/index.php?rest_route=\/wp\/v2\/posts\/1666","targetHints":{"allow":["GET"]}}],"collection":[{"href":"https:\/\/prefeitura.santarosa.rs.gov.br\/index.php?rest_route=\/wp\/v2\/posts"}],"about":[{"href":"https:\/\/prefeitura.santarosa.rs.gov.br\/index.php?rest_route=\/wp\/v2\/types\/post"}],"author":[{"embeddable":true,"href":"https:\/\/prefeitura.santarosa.rs.gov.br\/index.php?rest_route=\/wp\/v2\/users\/3"}],"replies":[{"embeddable":true,"href":"https:\/\/prefeitura.santarosa.rs.gov.br\/index.php?rest_route=%2Fwp%2Fv2%2Fcomments&post=1666"}],"version-history":[{"count":1,"href":"https:\/\/prefeitura.santarosa.rs.gov.br\/index.php?rest_route=\/wp\/v2\/posts\/1666\/revisions"}],"predecessor-version":[{"id":1668,"href":"https:\/\/prefeitura.santarosa.rs.gov.br\/index.php?rest_route=\/wp\/v2\/posts\/1666\/revisions\/1668"}],"wp:featuredmedia":[{"embeddable":true,"href":"https:\/\/prefeitura.santarosa.rs.gov.br\/index.php?rest_route=\/wp\/v2\/media\/1667"}],"wp:attachment":[{"href":"https:\/\/prefeitura.santarosa.rs.gov.br\/index.php?rest_route=%2Fwp%2Fv2%2Fmedia&parent=1666"}],"wp:term":[{"taxonomy":"category","embeddable":true,"href":"https:\/\/prefeitura.santarosa.rs.gov.br\/index.php?rest_route=%2Fwp%2Fv2%2Fcategories&post=1666"},{"taxonomy":"post_tag","embeddable":true,"href":"https:\/\/prefeitura.santarosa.rs.gov.br\/index.php?rest_route=%2Fwp%2Fv2%2Ftags&post=1666"}],"curies":[{"name":"wp","href":"https:\/\/api.w.org\/{rel}","templated":true}]}}