{"id":1663,"date":"2021-04-09T11:48:00","date_gmt":"2021-04-09T14:48:00","guid":{"rendered":"https:\/\/prefeitura.santarosa.rs.gov.br\/?p=1663"},"modified":"2024-10-07T09:55:14","modified_gmt":"2024-10-07T12:55:14","slug":"prefeito-apoia-movimento-de-bares-e-restaurantes","status":"publish","type":"post","link":"https:\/\/prefeitura.santarosa.rs.gov.br\/?p=1663","title":{"rendered":"Prefeito apoia movimento de bares e restaurantes"},"content":{"rendered":"\n<p>Propriet\u00e1rios, familiares e funcion\u00e1rios dos bares e restaurantes do munic\u00edpio realizaram uma carreata nesta manh\u00e3.<\/p>\n\n\n\n<p>Na manh\u00e3 desta sexta-feira, representantes da Uni\u00e3o dos Bares e Restaurantes de Santa Rosa realizaram uma mobiliza\u00e7\u00e3o pelas ruas da cidade. Em parada na frente da Prefeitura, entregaram um manifesto para o prefeito que apoiou a causa.<br><br>Propriet\u00e1rios, familiares e funcion\u00e1rios dos bares e restaurantes do munic\u00edpio realizaram uma carreata nesta manh\u00e3. Na Prefeitura, eles conversaram com o Prefeito Anderson Mantei que os recebeu no p\u00e1tio do Pal\u00e1cio. Eles destacaram a necessidade da retomada das atividades. No manifesto entregue, todos se comprometem a cumprir os protocolos de seguran\u00e7a e demais determina\u00e7\u00f5es, \u201cQueremos que o senhor nos represente, compre a nossa briga, pois nosso setor \u00e9 muito importante para a cidade\u201d, destaca Paulo C\u00e9sar Cardoso.<br><br>Anderson destacou que apoia totalmente o movimento, \u201cEssa atividade de voc\u00eas \u00e9 essencial e n\u00f3s n\u00e3o aguentamos mais essas restri\u00e7\u00f5es. Vamos aguardar o posicionamento do Governador no dia de hoje. N\u00f3s teremos uma reuni\u00e3o com 6 regi\u00f5es hoje de tarde para poder flexibilizar o trabalho de voc\u00eas, ent\u00e3o se o Governador n\u00e3o modificar as restri\u00e7\u00f5es, n\u00f3s vamos tomar decis\u00f5es para que voc\u00eas possam trabalhar mais\u201d. O prefeito tamb\u00e9m refor\u00e7ou, mais uma vez, que as pessoas t\u00eam que ter o direito de poder trabalhar, sempre seguindo todos os protocolos de seguran\u00e7a, \u201cSemana que passou n\u00f3s tivemos maior n\u00famero de \u00f3bitos, e voc\u00eas est\u00e3o com bares e restaurantes fechados, ent\u00e3o, j\u00e1 est\u00e1 mais que provado que o v\u00edrus est\u00e1 por ai, n\u00e3o \u00e9 o bar, a escola que s\u00e3o os culpados. Fechar tudo e ficar em casa n\u00e3o resolve\u201d, finalizou Anderson. Segundo a Brigada Militar cerca de 180 pessoas participaram do manifesto.<\/p>\n","protected":false},"excerpt":{"rendered":"<p>Propriet\u00e1rios, familiares e funcion\u00e1rios dos bares e restaurantes do munic\u00edpio realizaram uma carreata nesta manh\u00e3. Na manh\u00e3 desta sexta-feira, representantes<\/p>\n","protected":false},"author":3,"featured_media":1664,"comment_status":"open","ping_status":"open","sticky":false,"template":"","format":"standard","meta":{"footnotes":""},"categories":[4,3],"tags":[],"class_list":["post-1663","post","type-post","status-publish","format-standard","has-post-thumbnail","hentry","category-noticias","category-gabinete-do-prefeito"],"aioseo_notices":[],"_links":{"self":[{"href":"https:\/\/prefeitura.santarosa.rs.gov.br\/index.php?rest_route=\/wp\/v2\/posts\/1663","targetHints":{"allow":["GET"]}}],"collection":[{"href":"https:\/\/prefeitura.santarosa.rs.gov.br\/index.php?rest_route=\/wp\/v2\/posts"}],"about":[{"href":"https:\/\/prefeitura.santarosa.rs.gov.br\/index.php?rest_route=\/wp\/v2\/types\/post"}],"author":[{"embeddable":true,"href":"https:\/\/prefeitura.santarosa.rs.gov.br\/index.php?rest_route=\/wp\/v2\/users\/3"}],"replies":[{"embeddable":true,"href":"https:\/\/prefeitura.santarosa.rs.gov.br\/index.php?rest_route=%2Fwp%2Fv2%2Fcomments&post=1663"}],"version-history":[{"count":1,"href":"https:\/\/prefeitura.santarosa.rs.gov.br\/index.php?rest_route=\/wp\/v2\/posts\/1663\/revisions"}],"predecessor-version":[{"id":1665,"href":"https:\/\/prefeitura.santarosa.rs.gov.br\/index.php?rest_route=\/wp\/v2\/posts\/1663\/revisions\/1665"}],"wp:featuredmedia":[{"embeddable":true,"href":"https:\/\/prefeitura.santarosa.rs.gov.br\/index.php?rest_route=\/wp\/v2\/media\/1664"}],"wp:attachment":[{"href":"https:\/\/prefeitura.santarosa.rs.gov.br\/index.php?rest_route=%2Fwp%2Fv2%2Fmedia&parent=1663"}],"wp:term":[{"taxonomy":"category","embeddable":true,"href":"https:\/\/prefeitura.santarosa.rs.gov.br\/index.php?rest_route=%2Fwp%2Fv2%2Fcategories&post=1663"},{"taxonomy":"post_tag","embeddable":true,"href":"https:\/\/prefeitura.santarosa.rs.gov.br\/index.php?rest_route=%2Fwp%2Fv2%2Ftags&post=1663"}],"curies":[{"name":"wp","href":"https:\/\/api.w.org\/{rel}","templated":true}]}}