{"id":1653,"date":"2021-04-13T17:18:00","date_gmt":"2021-04-13T20:18:00","guid":{"rendered":"https:\/\/prefeitura.santarosa.rs.gov.br\/?p=1653"},"modified":"2024-10-07T09:55:14","modified_gmt":"2024-10-07T12:55:14","slug":"bate-papo-virtual-com-escritores-santa-rosenses","status":"publish","type":"post","link":"https:\/\/prefeitura.santarosa.rs.gov.br\/?p=1653","title":{"rendered":"Bate-papo virtual com escritores santa-rosenses"},"content":{"rendered":"\n<p>A a\u00e7\u00e3o acontece na pr\u00f3xima segunda(19)<\/p>\n\n\n\n<p>Com objetivo de marcar a passagem do \u201cDia do Escritor Local\u201d, data comemorativa institu\u00edda pela Lei n\u00ba 5.490\/2019, ser\u00e1 realizado um bate-papo virtual em Santa Rosa. A a\u00e7\u00e3o acontece na pr\u00f3xima segunda(19). Tamb\u00e9m ser\u00e3o discutidas quest\u00f5es pertinentes \u00e0 produ\u00e7\u00e3o liter\u00e1ria no munic\u00edpio. Devem participar da a\u00e7\u00e3o tr\u00eas escritores santa-rosenses. O encontro vai ocorrer \u00e0s 19h, e poder\u00e1 ser acompanhado pelo facebook da Biblioteca Municipal Olavo Bilac <a href=\"https:\/\/www.facebook.com\/bpmolavobilac\" target=\"_blank\" rel=\"noreferrer noopener\">https:\/\/www.facebook.com\/bpmolavobilac<\/a>. V\u00e3o participar do bate-papo os escritores: Clairto Martin, Juliano Marques e Maria Inez Flores Pedroso. A media\u00e7\u00e3o estar\u00e1 a cargo do bibliotec\u00e1rio Fabr\u00edcio Le\u00e3o. A promo\u00e7\u00e3o \u00e9 da Prefeitura, atrav\u00e9s da Secretaria Municipal de Educa\u00e7\u00e3o e Cultura<\/p>\n","protected":false},"excerpt":{"rendered":"<p>A a\u00e7\u00e3o acontece na pr\u00f3xima segunda(19) Com objetivo de marcar a passagem do \u201cDia do Escritor Local\u201d, data comemorativa institu\u00edda<\/p>\n","protected":false},"author":3,"featured_media":1654,"comment_status":"open","ping_status":"open","sticky":false,"template":"","format":"standard","meta":{"footnotes":""},"categories":[4,18],"tags":[],"class_list":["post-1653","post","type-post","status-publish","format-standard","has-post-thumbnail","hentry","category-noticias","category-secretaria-municipal-de-educacao-e-cultura"],"aioseo_notices":[],"_links":{"self":[{"href":"https:\/\/prefeitura.santarosa.rs.gov.br\/index.php?rest_route=\/wp\/v2\/posts\/1653","targetHints":{"allow":["GET"]}}],"collection":[{"href":"https:\/\/prefeitura.santarosa.rs.gov.br\/index.php?rest_route=\/wp\/v2\/posts"}],"about":[{"href":"https:\/\/prefeitura.santarosa.rs.gov.br\/index.php?rest_route=\/wp\/v2\/types\/post"}],"author":[{"embeddable":true,"href":"https:\/\/prefeitura.santarosa.rs.gov.br\/index.php?rest_route=\/wp\/v2\/users\/3"}],"replies":[{"embeddable":true,"href":"https:\/\/prefeitura.santarosa.rs.gov.br\/index.php?rest_route=%2Fwp%2Fv2%2Fcomments&post=1653"}],"version-history":[{"count":1,"href":"https:\/\/prefeitura.santarosa.rs.gov.br\/index.php?rest_route=\/wp\/v2\/posts\/1653\/revisions"}],"predecessor-version":[{"id":1655,"href":"https:\/\/prefeitura.santarosa.rs.gov.br\/index.php?rest_route=\/wp\/v2\/posts\/1653\/revisions\/1655"}],"wp:featuredmedia":[{"embeddable":true,"href":"https:\/\/prefeitura.santarosa.rs.gov.br\/index.php?rest_route=\/wp\/v2\/media\/1654"}],"wp:attachment":[{"href":"https:\/\/prefeitura.santarosa.rs.gov.br\/index.php?rest_route=%2Fwp%2Fv2%2Fmedia&parent=1653"}],"wp:term":[{"taxonomy":"category","embeddable":true,"href":"https:\/\/prefeitura.santarosa.rs.gov.br\/index.php?rest_route=%2Fwp%2Fv2%2Fcategories&post=1653"},{"taxonomy":"post_tag","embeddable":true,"href":"https:\/\/prefeitura.santarosa.rs.gov.br\/index.php?rest_route=%2Fwp%2Fv2%2Ftags&post=1653"}],"curies":[{"name":"wp","href":"https:\/\/api.w.org\/{rel}","templated":true}]}}