{"id":165,"date":"2021-09-10T16:11:00","date_gmt":"2021-09-10T19:11:00","guid":{"rendered":"https:\/\/prefeitura.santarosa.rs.gov.br\/?p=165"},"modified":"2024-10-07T09:54:44","modified_gmt":"2024-10-07T12:54:44","slug":"formatura-proerd","status":"publish","type":"post","link":"https:\/\/prefeitura.santarosa.rs.gov.br\/?p=165","title":{"rendered":"Formatura PROERD"},"content":{"rendered":"\n<p>A cerim\u00f4nia contou com a presen\u00e7a de autoridades, professores, Brigada Militar e alunos do 5\u00ba ano<\/p>\n\n\n\n<p>Nesta sexta-feira(10), foi realizada uma formatura do PROERD. O ato aconteceu na Escola Municipal Professor Francisco Xavier Giordani. A cerim\u00f4nia contou com a presen\u00e7a de autoridades, professores, Brigada Militar e alunos do 5\u00ba ano. O PROERD \u00e9 um Programa de Educa\u00e7\u00e3o e Resist\u00eancia as Drogas e a Viol\u00eancia. O curso \u00e9 ministrado pela Brigada Militar e tem como objetivo orientar e prevenir as crian\u00e7as e pais para o n\u00e3o uso de \u00e1lcool e drogas.<\/p>\n\n\n\n<p>A entrega dos diplomas foi feita pelas autoridades e tamb\u00e9m teve premia\u00e7\u00e3o para alunos destaques de cada turma. O vice-prefeito Aldemir Ulrich destacou a import\u00e2ncia da atividades, \u201cH\u00e1 muitos anos a Brigada vem realizando esse trabalho exemplar que j\u00e1 auxiliou tantas crian\u00e7as do nosso munic\u00edpio, essa \u00e9 uma iniciativa que deve servir de exemplo, parab\u00e9ns para todos os envolvidos e para os formandos\u201d. O PROERD tamb\u00e9m conta com o le\u00e3o, um mascote para ser o porta-voz na preven\u00e7\u00e3o contra as drogas.<\/p>\n","protected":false},"excerpt":{"rendered":"<p>A cerim\u00f4nia contou com a presen\u00e7a de autoridades, professores, Brigada Militar e alunos do 5\u00ba ano Nesta sexta-feira(10), foi realizada<\/p>\n","protected":false},"author":3,"featured_media":166,"comment_status":"open","ping_status":"open","sticky":false,"template":"","format":"standard","meta":{"footnotes":""},"categories":[4,9],"tags":[],"class_list":["post-165","post","type-post","status-publish","format-standard","has-post-thumbnail","hentry","category-noticias","category-gabinete-do-vice-prefeito"],"aioseo_notices":[],"_links":{"self":[{"href":"https:\/\/prefeitura.santarosa.rs.gov.br\/index.php?rest_route=\/wp\/v2\/posts\/165","targetHints":{"allow":["GET"]}}],"collection":[{"href":"https:\/\/prefeitura.santarosa.rs.gov.br\/index.php?rest_route=\/wp\/v2\/posts"}],"about":[{"href":"https:\/\/prefeitura.santarosa.rs.gov.br\/index.php?rest_route=\/wp\/v2\/types\/post"}],"author":[{"embeddable":true,"href":"https:\/\/prefeitura.santarosa.rs.gov.br\/index.php?rest_route=\/wp\/v2\/users\/3"}],"replies":[{"embeddable":true,"href":"https:\/\/prefeitura.santarosa.rs.gov.br\/index.php?rest_route=%2Fwp%2Fv2%2Fcomments&post=165"}],"version-history":[{"count":1,"href":"https:\/\/prefeitura.santarosa.rs.gov.br\/index.php?rest_route=\/wp\/v2\/posts\/165\/revisions"}],"predecessor-version":[{"id":167,"href":"https:\/\/prefeitura.santarosa.rs.gov.br\/index.php?rest_route=\/wp\/v2\/posts\/165\/revisions\/167"}],"wp:featuredmedia":[{"embeddable":true,"href":"https:\/\/prefeitura.santarosa.rs.gov.br\/index.php?rest_route=\/wp\/v2\/media\/166"}],"wp:attachment":[{"href":"https:\/\/prefeitura.santarosa.rs.gov.br\/index.php?rest_route=%2Fwp%2Fv2%2Fmedia&parent=165"}],"wp:term":[{"taxonomy":"category","embeddable":true,"href":"https:\/\/prefeitura.santarosa.rs.gov.br\/index.php?rest_route=%2Fwp%2Fv2%2Fcategories&post=165"},{"taxonomy":"post_tag","embeddable":true,"href":"https:\/\/prefeitura.santarosa.rs.gov.br\/index.php?rest_route=%2Fwp%2Fv2%2Ftags&post=165"}],"curies":[{"name":"wp","href":"https:\/\/api.w.org\/{rel}","templated":true}]}}