{"id":16337,"date":"2026-03-17T17:16:55","date_gmt":"2026-03-17T20:16:55","guid":{"rendered":"https:\/\/prefeitura.santarosa.rs.gov.br\/?p=16337"},"modified":"2026-03-17T17:16:56","modified_gmt":"2026-03-17T20:16:56","slug":"procon-de-santa-rosa-realiza-mutirao-de-atendimento-com-a-corsan","status":"publish","type":"post","link":"https:\/\/prefeitura.santarosa.rs.gov.br\/?p=16337","title":{"rendered":"Procon de Santa Rosa realiza mutir\u00e3o de atendimento com a Corsan"},"content":{"rendered":"\n<figure class=\"wp-block-image size-large\"><img fetchpriority=\"high\" decoding=\"async\" width=\"1024\" height=\"768\" src=\"https:\/\/prefeitura.santarosa.rs.gov.br\/wp-content\/uploads\/2026\/03\/WhatsApp-Image-2026-03-17-at-17.12.47-1-1024x768.jpeg\" alt=\"\" class=\"wp-image-16338\" srcset=\"https:\/\/prefeitura.santarosa.rs.gov.br\/wp-content\/uploads\/2026\/03\/WhatsApp-Image-2026-03-17-at-17.12.47-1-1024x768.jpeg 1024w, https:\/\/prefeitura.santarosa.rs.gov.br\/wp-content\/uploads\/2026\/03\/WhatsApp-Image-2026-03-17-at-17.12.47-1-300x225.jpeg 300w, https:\/\/prefeitura.santarosa.rs.gov.br\/wp-content\/uploads\/2026\/03\/WhatsApp-Image-2026-03-17-at-17.12.47-1-768x576.jpeg 768w, https:\/\/prefeitura.santarosa.rs.gov.br\/wp-content\/uploads\/2026\/03\/WhatsApp-Image-2026-03-17-at-17.12.47-1-1536x1152.jpeg 1536w, https:\/\/prefeitura.santarosa.rs.gov.br\/wp-content\/uploads\/2026\/03\/WhatsApp-Image-2026-03-17-at-17.12.47-1-2048x1536.jpeg 2048w\" sizes=\"(max-width: 1024px) 100vw, 1024px\" \/><\/figure>\n\n\n\n<p>O Procon de Santa Rosa informa \u00e0 comunidade que, com o objetivo de agilizar a resolu\u00e7\u00e3o de demandas entre consumidores e a Corsan, disponibilizar\u00e1 um atendimento especializado em parceria com a Companhia.<\/p>\n\n\n\n<p>Confira o cronograma:<br>\u2022 Dias 19 e 20 de mar\u00e7o (quinta e sexta-feira): O atendimento ocorrer\u00e1 em uma unidade m\u00f3vel (van) da Corsan, estacionada em frente ao Procon.<br>\u2022 De 23 a 27 de mar\u00e7o: O servi\u00e7o ser\u00e1 realizado diretamente no escrit\u00f3rio do Procon.<\/p>\n\n\n\n<p>Hor\u00e1rios de atendimento: Das 08h30 \u00e0s 11h e das 13h30 \u00e0s 17h.<\/p>\n\n\n\n<p>A equipe orienta que os consumidores que possuem pend\u00eancias ou reclama\u00e7\u00f5es relativas aos servi\u00e7os da Corsan compare\u00e7am ao local nesses per\u00edodos para buscar a concilia\u00e7\u00e3o de suas demandas.<\/p>\n","protected":false},"excerpt":{"rendered":"<p>O Procon de Santa Rosa informa \u00e0 comunidade que, com o objetivo de agilizar a resolu\u00e7\u00e3o de demandas entre consumidores<\/p>\n","protected":false},"author":12,"featured_media":16339,"comment_status":"closed","ping_status":"closed","sticky":false,"template":"","format":"standard","meta":{"footnotes":""},"categories":[4,11],"tags":[],"class_list":["post-16337","post","type-post","status-publish","format-standard","has-post-thumbnail","hentry","category-noticias","category-procuradoria-geral-do-municipio-pgm"],"aioseo_notices":[],"_links":{"self":[{"href":"https:\/\/prefeitura.santarosa.rs.gov.br\/index.php?rest_route=\/wp\/v2\/posts\/16337","targetHints":{"allow":["GET"]}}],"collection":[{"href":"https:\/\/prefeitura.santarosa.rs.gov.br\/index.php?rest_route=\/wp\/v2\/posts"}],"about":[{"href":"https:\/\/prefeitura.santarosa.rs.gov.br\/index.php?rest_route=\/wp\/v2\/types\/post"}],"author":[{"embeddable":true,"href":"https:\/\/prefeitura.santarosa.rs.gov.br\/index.php?rest_route=\/wp\/v2\/users\/12"}],"replies":[{"embeddable":true,"href":"https:\/\/prefeitura.santarosa.rs.gov.br\/index.php?rest_route=%2Fwp%2Fv2%2Fcomments&post=16337"}],"version-history":[{"count":1,"href":"https:\/\/prefeitura.santarosa.rs.gov.br\/index.php?rest_route=\/wp\/v2\/posts\/16337\/revisions"}],"predecessor-version":[{"id":16340,"href":"https:\/\/prefeitura.santarosa.rs.gov.br\/index.php?rest_route=\/wp\/v2\/posts\/16337\/revisions\/16340"}],"wp:featuredmedia":[{"embeddable":true,"href":"https:\/\/prefeitura.santarosa.rs.gov.br\/index.php?rest_route=\/wp\/v2\/media\/16339"}],"wp:attachment":[{"href":"https:\/\/prefeitura.santarosa.rs.gov.br\/index.php?rest_route=%2Fwp%2Fv2%2Fmedia&parent=16337"}],"wp:term":[{"taxonomy":"category","embeddable":true,"href":"https:\/\/prefeitura.santarosa.rs.gov.br\/index.php?rest_route=%2Fwp%2Fv2%2Fcategories&post=16337"},{"taxonomy":"post_tag","embeddable":true,"href":"https:\/\/prefeitura.santarosa.rs.gov.br\/index.php?rest_route=%2Fwp%2Fv2%2Ftags&post=16337"}],"curies":[{"name":"wp","href":"https:\/\/api.w.org\/{rel}","templated":true}]}}