{"id":16323,"date":"2026-03-16T15:28:01","date_gmt":"2026-03-16T18:28:01","guid":{"rendered":"https:\/\/prefeitura.santarosa.rs.gov.br\/?p=16323"},"modified":"2026-03-16T15:28:02","modified_gmt":"2026-03-16T18:28:02","slug":"obra-de-mais-de-2-km-na-estrada-do-campo-da-aviacao","status":"publish","type":"post","link":"https:\/\/prefeitura.santarosa.rs.gov.br\/?p=16323","title":{"rendered":"Obra de mais de 2 km na Estrada do Campo da Avia\u00e7\u00e3o"},"content":{"rendered":"\n<figure class=\"wp-block-image size-large\"><img fetchpriority=\"high\" decoding=\"async\" width=\"1024\" height=\"768\" src=\"https:\/\/prefeitura.santarosa.rs.gov.br\/wp-content\/uploads\/2026\/03\/WhatsApp-Image-2026-03-16-at-15.22.13-1024x768.jpeg\" alt=\"\" class=\"wp-image-16324\" srcset=\"https:\/\/prefeitura.santarosa.rs.gov.br\/wp-content\/uploads\/2026\/03\/WhatsApp-Image-2026-03-16-at-15.22.13-1024x768.jpeg 1024w, https:\/\/prefeitura.santarosa.rs.gov.br\/wp-content\/uploads\/2026\/03\/WhatsApp-Image-2026-03-16-at-15.22.13-300x225.jpeg 300w, https:\/\/prefeitura.santarosa.rs.gov.br\/wp-content\/uploads\/2026\/03\/WhatsApp-Image-2026-03-16-at-15.22.13-768x576.jpeg 768w, https:\/\/prefeitura.santarosa.rs.gov.br\/wp-content\/uploads\/2026\/03\/WhatsApp-Image-2026-03-16-at-15.22.13.jpeg 1280w\" sizes=\"(max-width: 1024px) 100vw, 1024px\" \/><\/figure>\n\n\n\n<p>Mais infraestrutura para o interior de Santa Rosa. O Governo Municipal confirmou na manh\u00e3 desta segunda-feira (16), o in\u00edcio do projeto de pavimenta\u00e7\u00e3o na Estrada do Campo da Avia\u00e7\u00e3o, localizada no Rinc\u00e3o Santo Cristo. O investimento total ser\u00e1 superior a R$ 2 milh\u00f5es.<\/p>\n\n\n\n<p>A obra compreende toda a extens\u00e3o da via, totalizando 2.185 metros lineares e uma \u00e1rea pavimentada de mais de 15 mil metros quadrados. O projeto inclui al\u00e9m da pavimenta\u00e7\u00e3o, os servi\u00e7os de terraplanagem e a instala\u00e7\u00e3o de uma nova rede de drenagem. O Prefeito Anderson Mantei destaca que esta obra reafirma o compromisso da gest\u00e3o com o desenvolvimento das \u00e1reas rurais e a qualidade de vida dos produtores e moradores da regi\u00e3o, &#8220;Estamos levando mais infraestrutura para quem vive e produz no nosso interior. A pavimenta\u00e7\u00e3o da Estrada do Campo da Avia\u00e7\u00e3o \u00e9 um investimento estrat\u00e9gico que vai facilitar o escoamento da produ\u00e7\u00e3o e garantir um deslocamento mais seguro para as fam\u00edlias&#8221;.<\/p>\n\n\n\n<p>O prazo de execu\u00e7\u00e3o da obra est\u00e1 estimado em 360 dias ap\u00f3s o in\u00edcio, conforme o contrato.<\/p>\n\n\n\n<p><\/p>\n","protected":false},"excerpt":{"rendered":"<p>Mais infraestrutura para o interior de Santa Rosa. O Governo Municipal confirmou na manh\u00e3 desta segunda-feira (16), o in\u00edcio do<\/p>\n","protected":false},"author":12,"featured_media":16325,"comment_status":"closed","ping_status":"closed","sticky":false,"template":"","format":"standard","meta":{"footnotes":""},"categories":[4,22],"tags":[],"class_list":["post-16323","post","type-post","status-publish","format-standard","has-post-thumbnail","hentry","category-noticias","category-secretaria-municipal-de-planejamento-e-habitacao"],"aioseo_notices":[],"_links":{"self":[{"href":"https:\/\/prefeitura.santarosa.rs.gov.br\/index.php?rest_route=\/wp\/v2\/posts\/16323","targetHints":{"allow":["GET"]}}],"collection":[{"href":"https:\/\/prefeitura.santarosa.rs.gov.br\/index.php?rest_route=\/wp\/v2\/posts"}],"about":[{"href":"https:\/\/prefeitura.santarosa.rs.gov.br\/index.php?rest_route=\/wp\/v2\/types\/post"}],"author":[{"embeddable":true,"href":"https:\/\/prefeitura.santarosa.rs.gov.br\/index.php?rest_route=\/wp\/v2\/users\/12"}],"replies":[{"embeddable":true,"href":"https:\/\/prefeitura.santarosa.rs.gov.br\/index.php?rest_route=%2Fwp%2Fv2%2Fcomments&post=16323"}],"version-history":[{"count":1,"href":"https:\/\/prefeitura.santarosa.rs.gov.br\/index.php?rest_route=\/wp\/v2\/posts\/16323\/revisions"}],"predecessor-version":[{"id":16326,"href":"https:\/\/prefeitura.santarosa.rs.gov.br\/index.php?rest_route=\/wp\/v2\/posts\/16323\/revisions\/16326"}],"wp:featuredmedia":[{"embeddable":true,"href":"https:\/\/prefeitura.santarosa.rs.gov.br\/index.php?rest_route=\/wp\/v2\/media\/16325"}],"wp:attachment":[{"href":"https:\/\/prefeitura.santarosa.rs.gov.br\/index.php?rest_route=%2Fwp%2Fv2%2Fmedia&parent=16323"}],"wp:term":[{"taxonomy":"category","embeddable":true,"href":"https:\/\/prefeitura.santarosa.rs.gov.br\/index.php?rest_route=%2Fwp%2Fv2%2Fcategories&post=16323"},{"taxonomy":"post_tag","embeddable":true,"href":"https:\/\/prefeitura.santarosa.rs.gov.br\/index.php?rest_route=%2Fwp%2Fv2%2Ftags&post=16323"}],"curies":[{"name":"wp","href":"https:\/\/api.w.org\/{rel}","templated":true}]}}