{"id":16319,"date":"2026-03-16T09:07:12","date_gmt":"2026-03-16T12:07:12","guid":{"rendered":"https:\/\/prefeitura.santarosa.rs.gov.br\/?p=16319"},"modified":"2026-03-16T09:07:14","modified_gmt":"2026-03-16T12:07:14","slug":"prefeito-assina-convenio-do-programa-pavimenta-para-obras-na-rs-344","status":"publish","type":"post","link":"https:\/\/prefeitura.santarosa.rs.gov.br\/?p=16319","title":{"rendered":"Prefeito assina conv\u00eanio do Programa Pavimenta para obras na RS-344"},"content":{"rendered":"\n<figure class=\"wp-block-image size-large\"><img fetchpriority=\"high\" decoding=\"async\" width=\"1024\" height=\"770\" src=\"https:\/\/prefeitura.santarosa.rs.gov.br\/wp-content\/uploads\/2026\/03\/WhatsApp-Image-2026-03-16-at-08.22.42-1-1024x770.jpeg\" alt=\"\" class=\"wp-image-16321\" srcset=\"https:\/\/prefeitura.santarosa.rs.gov.br\/wp-content\/uploads\/2026\/03\/WhatsApp-Image-2026-03-16-at-08.22.42-1-1024x770.jpeg 1024w, https:\/\/prefeitura.santarosa.rs.gov.br\/wp-content\/uploads\/2026\/03\/WhatsApp-Image-2026-03-16-at-08.22.42-1-300x226.jpeg 300w, https:\/\/prefeitura.santarosa.rs.gov.br\/wp-content\/uploads\/2026\/03\/WhatsApp-Image-2026-03-16-at-08.22.42-1-768x578.jpeg 768w, https:\/\/prefeitura.santarosa.rs.gov.br\/wp-content\/uploads\/2026\/03\/WhatsApp-Image-2026-03-16-at-08.22.42-1.jpeg 1280w\" sizes=\"(max-width: 1024px) 100vw, 1024px\" \/><\/figure>\n\n\n\n<p>Santa Rosa recebeu uma excelente not\u00edcia na tarde da \u00faltima sexta-feira (13). O Prefeito Anderson Mantei recepcionou, na sala de reuni\u00f5es da prefeitura, o Secret\u00e1rio de Desenvolvimento Urbano e Metropolitano, Fernando Classmann, que esteve representando o Governo do Estado para a assinatura de um importante conv\u00eanio dentro do Programa Pavimenta. O novo projeto contempla a execu\u00e7\u00e3o de uma via paralela na RS-344, no trecho compreendido entre o Anel Rodovi\u00e1rio e o trevo da Stara. Essa via possibilitar\u00e1 o acesso seguro \u00e0s 17 empresas instaladas no Distrito Log\u00edstico. Ao todo, ser\u00e3o 1.100 metros de pavimenta\u00e7\u00e3o asf\u00e1ltica.<\/p>\n\n\n\n<p>O investimento total para a obra \u00e9 de aproximadamente R$ 6 milh\u00f5es. Deste montante, R$ 1 milh\u00e3o \u00e9 proveniente de recursos do Governo do Estado, atrav\u00e9s do Programa Pavimenta, somados a uma expressiva contrapartida da Prefeitura de Santa Rosa, que investir\u00e1 mais de R$ 4,9 milh\u00f5es. O Prefeito Anderson Mantei destacou a import\u00e2ncia estrat\u00e9gica da parceria para o desenvolvimento local, \u201cEstamos dando um passo decisivo para melhorar a infraestrutura de um dos nossos principais acessos. Este investimento \u00e9 fruto de um esfor\u00e7o conjunto e da nossa capacidade de contrapartida, garantindo que o desenvolvimento de Santa Rosa n\u00e3o pare. Agradecemos ao Governo do Estado pela parceria em mais este projeto fundamental para nossa cidade\u201d.<\/p>\n\n\n\n<p>Com a assinatura do documento, o processo avan\u00e7a agora para a etapa de licita\u00e7\u00e3o e, logo ap\u00f3s, para o in\u00edcio da execu\u00e7\u00e3o da obra. Participaram tamb\u00e9m do ato de assinatura, o vice-prefeito Aldemir Ulrich, o deputado estadual, Alo\u00edsio Classmann, os vereadores: Enzo Fontana, Os\u00f3rio Antunes, Kuique, Jair Almeida, Aurio Spengler, Lires Zimmermann (Secret\u00e1ria de Educa\u00e7\u00e3o e Cultura) e Gilberto Kr\u00fcger (Secret\u00e1rio de Mobilidade Urbana). Al\u00e9m disso, estavam presentes, o Secret\u00e1rio de Obras, Valtair Dornelles e a Diretora de Capta\u00e7\u00e3o de Recursos, Caliandra Perini.<\/p>\n","protected":false},"excerpt":{"rendered":"<p>Santa Rosa recebeu uma excelente not\u00edcia na tarde da \u00faltima sexta-feira (13). O Prefeito Anderson Mantei recepcionou, na sala de<\/p>\n","protected":false},"author":12,"featured_media":16320,"comment_status":"closed","ping_status":"closed","sticky":false,"template":"","format":"standard","meta":{"footnotes":""},"categories":[4,22],"tags":[],"class_list":["post-16319","post","type-post","status-publish","format-standard","has-post-thumbnail","hentry","category-noticias","category-secretaria-municipal-de-planejamento-e-habitacao"],"aioseo_notices":[],"_links":{"self":[{"href":"https:\/\/prefeitura.santarosa.rs.gov.br\/index.php?rest_route=\/wp\/v2\/posts\/16319","targetHints":{"allow":["GET"]}}],"collection":[{"href":"https:\/\/prefeitura.santarosa.rs.gov.br\/index.php?rest_route=\/wp\/v2\/posts"}],"about":[{"href":"https:\/\/prefeitura.santarosa.rs.gov.br\/index.php?rest_route=\/wp\/v2\/types\/post"}],"author":[{"embeddable":true,"href":"https:\/\/prefeitura.santarosa.rs.gov.br\/index.php?rest_route=\/wp\/v2\/users\/12"}],"replies":[{"embeddable":true,"href":"https:\/\/prefeitura.santarosa.rs.gov.br\/index.php?rest_route=%2Fwp%2Fv2%2Fcomments&post=16319"}],"version-history":[{"count":1,"href":"https:\/\/prefeitura.santarosa.rs.gov.br\/index.php?rest_route=\/wp\/v2\/posts\/16319\/revisions"}],"predecessor-version":[{"id":16322,"href":"https:\/\/prefeitura.santarosa.rs.gov.br\/index.php?rest_route=\/wp\/v2\/posts\/16319\/revisions\/16322"}],"wp:featuredmedia":[{"embeddable":true,"href":"https:\/\/prefeitura.santarosa.rs.gov.br\/index.php?rest_route=\/wp\/v2\/media\/16320"}],"wp:attachment":[{"href":"https:\/\/prefeitura.santarosa.rs.gov.br\/index.php?rest_route=%2Fwp%2Fv2%2Fmedia&parent=16319"}],"wp:term":[{"taxonomy":"category","embeddable":true,"href":"https:\/\/prefeitura.santarosa.rs.gov.br\/index.php?rest_route=%2Fwp%2Fv2%2Fcategories&post=16319"},{"taxonomy":"post_tag","embeddable":true,"href":"https:\/\/prefeitura.santarosa.rs.gov.br\/index.php?rest_route=%2Fwp%2Fv2%2Ftags&post=16319"}],"curies":[{"name":"wp","href":"https:\/\/api.w.org\/{rel}","templated":true}]}}