{"id":16314,"date":"2026-03-13T17:06:09","date_gmt":"2026-03-13T20:06:09","guid":{"rendered":"https:\/\/prefeitura.santarosa.rs.gov.br\/?p=16314"},"modified":"2026-03-13T17:06:10","modified_gmt":"2026-03-13T20:06:10","slug":"emef-marques-do-herval-completa-53-anos-de-historia","status":"publish","type":"post","link":"https:\/\/prefeitura.santarosa.rs.gov.br\/?p=16314","title":{"rendered":"EMEF Marqu\u00eas do Herval completa 53 anos de hist\u00f3ria"},"content":{"rendered":"\n<figure class=\"wp-block-image size-large\"><img fetchpriority=\"high\" decoding=\"async\" width=\"1024\" height=\"771\" src=\"https:\/\/prefeitura.santarosa.rs.gov.br\/wp-content\/uploads\/2026\/03\/WhatsApp-Image-2026-03-13-at-16.03.30-1024x771.jpeg\" alt=\"\" class=\"wp-image-16315\" srcset=\"https:\/\/prefeitura.santarosa.rs.gov.br\/wp-content\/uploads\/2026\/03\/WhatsApp-Image-2026-03-13-at-16.03.30-1024x771.jpeg 1024w, https:\/\/prefeitura.santarosa.rs.gov.br\/wp-content\/uploads\/2026\/03\/WhatsApp-Image-2026-03-13-at-16.03.30-300x226.jpeg 300w, https:\/\/prefeitura.santarosa.rs.gov.br\/wp-content\/uploads\/2026\/03\/WhatsApp-Image-2026-03-13-at-16.03.30-768x578.jpeg 768w, https:\/\/prefeitura.santarosa.rs.gov.br\/wp-content\/uploads\/2026\/03\/WhatsApp-Image-2026-03-13-at-16.03.30-1536x1156.jpeg 1536w, https:\/\/prefeitura.santarosa.rs.gov.br\/wp-content\/uploads\/2026\/03\/WhatsApp-Image-2026-03-13-at-16.03.30.jpeg 1600w\" sizes=\"(max-width: 1024px) 100vw, 1024px\" \/><\/figure>\n\n\n\n<p>A Escola Municipal de Ensino Fundamental Marqu\u00eas do Herval completou 53 anos de funda\u00e7\u00e3o no dia 10 de mar\u00e7o de 2026. A institui\u00e7\u00e3o localizada na Vila Balne\u00e1ria, no bairro Central, faz parte da Rede Municipal de Ensino e conta com turmas do 1\u00b0 ao 4\u00b0 ano em tempo integral e do 5\u00b0 ao 9\u00b0 ano em regime regular. Atualmente, a EMEF possui 32 profissionais que atendem os 202 alunos matriculados. Para celebrar as mais de cinco d\u00e9cadas de trajet\u00f3ria, a comunidade escolar organizou momentos especiais de integra\u00e7\u00e3o entre alunos, equipe e fam\u00edlias.<\/p>\n\n\n\n<p>Na oportunidade, os estudantes prestaram diversas homenagens por meio de cartazes e apresenta\u00e7\u00f5es. O evento contou com uma programa\u00e7\u00e3o onde pais e familiares puderam participar de brincadeiras com os filhos, promovendo momentos de divers\u00e3o e fortalecimento de v\u00ednculos. A Secret\u00e1ria de Educa\u00e7\u00e3o e Cultura, Lires Zimmermann, ressaltou a import\u00e2ncia da institui\u00e7\u00e3o para a comunidade, &#8220;Celebrar os 53 anos da EMEF Marqu\u00eas do Herval \u00e9 reconhecer um legado de compromisso com a forma\u00e7\u00e3o de nossos cidad\u00e3os. O envolvimento das fam\u00edlias nesta data refor\u00e7a que a educa\u00e7\u00e3o de qualidade se constr\u00f3i com a uni\u00e3o de todos, garantindo um ambiente de aprendizado acolhedor e eficiente&#8221;.<\/p>\n\n\n\n<p>A celebra\u00e7\u00e3o foi encerrada com o tradicional &#8220;Parab\u00e9ns a Voc\u00ea&#8221; em homenagem \u00e0 escola.<\/p>\n\n\n\n<p><\/p>\n","protected":false},"excerpt":{"rendered":"<p>A Escola Municipal de Ensino Fundamental Marqu\u00eas do Herval completou 53 anos de funda\u00e7\u00e3o no dia 10 de mar\u00e7o de<\/p>\n","protected":false},"author":12,"featured_media":16316,"comment_status":"closed","ping_status":"closed","sticky":false,"template":"","format":"standard","meta":{"footnotes":""},"categories":[4,18],"tags":[],"class_list":["post-16314","post","type-post","status-publish","format-standard","has-post-thumbnail","hentry","category-noticias","category-secretaria-municipal-de-educacao-e-cultura"],"aioseo_notices":[],"_links":{"self":[{"href":"https:\/\/prefeitura.santarosa.rs.gov.br\/index.php?rest_route=\/wp\/v2\/posts\/16314","targetHints":{"allow":["GET"]}}],"collection":[{"href":"https:\/\/prefeitura.santarosa.rs.gov.br\/index.php?rest_route=\/wp\/v2\/posts"}],"about":[{"href":"https:\/\/prefeitura.santarosa.rs.gov.br\/index.php?rest_route=\/wp\/v2\/types\/post"}],"author":[{"embeddable":true,"href":"https:\/\/prefeitura.santarosa.rs.gov.br\/index.php?rest_route=\/wp\/v2\/users\/12"}],"replies":[{"embeddable":true,"href":"https:\/\/prefeitura.santarosa.rs.gov.br\/index.php?rest_route=%2Fwp%2Fv2%2Fcomments&post=16314"}],"version-history":[{"count":1,"href":"https:\/\/prefeitura.santarosa.rs.gov.br\/index.php?rest_route=\/wp\/v2\/posts\/16314\/revisions"}],"predecessor-version":[{"id":16317,"href":"https:\/\/prefeitura.santarosa.rs.gov.br\/index.php?rest_route=\/wp\/v2\/posts\/16314\/revisions\/16317"}],"wp:featuredmedia":[{"embeddable":true,"href":"https:\/\/prefeitura.santarosa.rs.gov.br\/index.php?rest_route=\/wp\/v2\/media\/16316"}],"wp:attachment":[{"href":"https:\/\/prefeitura.santarosa.rs.gov.br\/index.php?rest_route=%2Fwp%2Fv2%2Fmedia&parent=16314"}],"wp:term":[{"taxonomy":"category","embeddable":true,"href":"https:\/\/prefeitura.santarosa.rs.gov.br\/index.php?rest_route=%2Fwp%2Fv2%2Fcategories&post=16314"},{"taxonomy":"post_tag","embeddable":true,"href":"https:\/\/prefeitura.santarosa.rs.gov.br\/index.php?rest_route=%2Fwp%2Fv2%2Ftags&post=16314"}],"curies":[{"name":"wp","href":"https:\/\/api.w.org\/{rel}","templated":true}]}}