{"id":16304,"date":"2026-03-13T14:52:44","date_gmt":"2026-03-13T17:52:44","guid":{"rendered":"https:\/\/prefeitura.santarosa.rs.gov.br\/?p=16304"},"modified":"2026-03-13T15:39:39","modified_gmt":"2026-03-13T18:39:39","slug":"tarifa-do-transporte-coletivo-urbano-tera-reajuste-a-partir-de-segunda-feira","status":"publish","type":"post","link":"https:\/\/prefeitura.santarosa.rs.gov.br\/?p=16304","title":{"rendered":"Tarifa do Transporte Coletivo Urbano\u00a0ter\u00e1 reajuste a partir de\u00a0segunda-feira"},"content":{"rendered":"\n<figure class=\"wp-block-image size-large\"><img fetchpriority=\"high\" decoding=\"async\" width=\"1024\" height=\"691\" src=\"https:\/\/prefeitura.santarosa.rs.gov.br\/wp-content\/uploads\/2026\/03\/Formato-Portal-do-Cidadao-1600X1080JPG-2026-03-13T144921.563-2-1024x691.jpg\" alt=\"\" class=\"wp-image-16305\" srcset=\"https:\/\/prefeitura.santarosa.rs.gov.br\/wp-content\/uploads\/2026\/03\/Formato-Portal-do-Cidadao-1600X1080JPG-2026-03-13T144921.563-2-1024x691.jpg 1024w, https:\/\/prefeitura.santarosa.rs.gov.br\/wp-content\/uploads\/2026\/03\/Formato-Portal-do-Cidadao-1600X1080JPG-2026-03-13T144921.563-2-300x203.jpg 300w, https:\/\/prefeitura.santarosa.rs.gov.br\/wp-content\/uploads\/2026\/03\/Formato-Portal-do-Cidadao-1600X1080JPG-2026-03-13T144921.563-2-768x518.jpg 768w, https:\/\/prefeitura.santarosa.rs.gov.br\/wp-content\/uploads\/2026\/03\/Formato-Portal-do-Cidadao-1600X1080JPG-2026-03-13T144921.563-2-1536x1037.jpg 1536w, https:\/\/prefeitura.santarosa.rs.gov.br\/wp-content\/uploads\/2026\/03\/Formato-Portal-do-Cidadao-1600X1080JPG-2026-03-13T144921.563-2.jpg 1600w\" sizes=\"(max-width: 1024px) 100vw, 1024px\" \/><\/figure>\n\n\n\n<p>A Prefeitura informa que a partir do dia&nbsp;16 de mar\u00e7o (segunda-feira), passa a vigorar em todo o territ\u00f3rio municipal, um novo valor tarif\u00e1rio do transporte coletivo urbano. Conforme o Decreto n\u00ba 29, de&nbsp;11 de mar\u00e7o de 2026, publicado no Di\u00e1rio Oficial, a nova tarifa passa a ser R$ 6,50 (seis reais e cinquenta centavos).<\/p>\n\n\n\n<p>Confira o Decreto n\u00ba 29\/2026, no link abaixo:<\/p>\n\n\n\n<figure class=\"wp-block-embed\"><div class=\"wp-block-embed__wrapper\">\nhttps:\/\/shre.ink\/decretotransporteurbano2026\n<\/div><\/figure>\n","protected":false},"excerpt":{"rendered":"<p>A Prefeitura informa que a partir do dia&nbsp;16 de mar\u00e7o (segunda-feira), passa a vigorar em todo o territ\u00f3rio municipal, um<\/p>\n","protected":false},"author":12,"featured_media":16306,"comment_status":"closed","ping_status":"closed","sticky":false,"template":"","format":"standard","meta":{"footnotes":""},"categories":[4],"tags":[],"class_list":["post-16304","post","type-post","status-publish","format-standard","has-post-thumbnail","hentry","category-noticias"],"aioseo_notices":[],"_links":{"self":[{"href":"https:\/\/prefeitura.santarosa.rs.gov.br\/index.php?rest_route=\/wp\/v2\/posts\/16304","targetHints":{"allow":["GET"]}}],"collection":[{"href":"https:\/\/prefeitura.santarosa.rs.gov.br\/index.php?rest_route=\/wp\/v2\/posts"}],"about":[{"href":"https:\/\/prefeitura.santarosa.rs.gov.br\/index.php?rest_route=\/wp\/v2\/types\/post"}],"author":[{"embeddable":true,"href":"https:\/\/prefeitura.santarosa.rs.gov.br\/index.php?rest_route=\/wp\/v2\/users\/12"}],"replies":[{"embeddable":true,"href":"https:\/\/prefeitura.santarosa.rs.gov.br\/index.php?rest_route=%2Fwp%2Fv2%2Fcomments&post=16304"}],"version-history":[{"count":1,"href":"https:\/\/prefeitura.santarosa.rs.gov.br\/index.php?rest_route=\/wp\/v2\/posts\/16304\/revisions"}],"predecessor-version":[{"id":16307,"href":"https:\/\/prefeitura.santarosa.rs.gov.br\/index.php?rest_route=\/wp\/v2\/posts\/16304\/revisions\/16307"}],"wp:featuredmedia":[{"embeddable":true,"href":"https:\/\/prefeitura.santarosa.rs.gov.br\/index.php?rest_route=\/wp\/v2\/media\/16306"}],"wp:attachment":[{"href":"https:\/\/prefeitura.santarosa.rs.gov.br\/index.php?rest_route=%2Fwp%2Fv2%2Fmedia&parent=16304"}],"wp:term":[{"taxonomy":"category","embeddable":true,"href":"https:\/\/prefeitura.santarosa.rs.gov.br\/index.php?rest_route=%2Fwp%2Fv2%2Fcategories&post=16304"},{"taxonomy":"post_tag","embeddable":true,"href":"https:\/\/prefeitura.santarosa.rs.gov.br\/index.php?rest_route=%2Fwp%2Fv2%2Ftags&post=16304"}],"curies":[{"name":"wp","href":"https:\/\/api.w.org\/{rel}","templated":true}]}}