{"id":16295,"date":"2026-03-13T14:28:52","date_gmt":"2026-03-13T17:28:52","guid":{"rendered":"https:\/\/prefeitura.santarosa.rs.gov.br\/?p=16295"},"modified":"2026-03-13T14:28:53","modified_gmt":"2026-03-13T17:28:53","slug":"centro-de-referencia-a-mulher-promove-workshop-sobre-conscientizacao-e-combate-a-violencia-domestica","status":"publish","type":"post","link":"https:\/\/prefeitura.santarosa.rs.gov.br\/?p=16295","title":{"rendered":"Centro de Refer\u00eancia \u00e0 Mulher promove workshop sobre conscientiza\u00e7\u00e3o e combate \u00e0 viol\u00eancia dom\u00e9stica"},"content":{"rendered":"\n<figure class=\"wp-block-image size-large\"><img fetchpriority=\"high\" decoding=\"async\" width=\"1024\" height=\"691\" src=\"https:\/\/prefeitura.santarosa.rs.gov.br\/wp-content\/uploads\/2026\/03\/Formato-Portal-do-Cidadao-1600X1080JPG-2026-03-13T093012.150-1024x691.jpg\" alt=\"\" class=\"wp-image-16296\" srcset=\"https:\/\/prefeitura.santarosa.rs.gov.br\/wp-content\/uploads\/2026\/03\/Formato-Portal-do-Cidadao-1600X1080JPG-2026-03-13T093012.150-1024x691.jpg 1024w, https:\/\/prefeitura.santarosa.rs.gov.br\/wp-content\/uploads\/2026\/03\/Formato-Portal-do-Cidadao-1600X1080JPG-2026-03-13T093012.150-300x203.jpg 300w, https:\/\/prefeitura.santarosa.rs.gov.br\/wp-content\/uploads\/2026\/03\/Formato-Portal-do-Cidadao-1600X1080JPG-2026-03-13T093012.150-768x518.jpg 768w, https:\/\/prefeitura.santarosa.rs.gov.br\/wp-content\/uploads\/2026\/03\/Formato-Portal-do-Cidadao-1600X1080JPG-2026-03-13T093012.150-1536x1037.jpg 1536w, https:\/\/prefeitura.santarosa.rs.gov.br\/wp-content\/uploads\/2026\/03\/Formato-Portal-do-Cidadao-1600X1080JPG-2026-03-13T093012.150.jpg 1600w\" sizes=\"(max-width: 1024px) 100vw, 1024px\" \/><\/figure>\n\n\n\n<p>A Prefeitura de Santa Rosa, por meio do Centro de Refer\u00eancia Regional de Atendimento \u00e0 Mulher (CRRM), vinculado \u00e0 Secretaria de Desenvolvimento Social, realizou o workshop \u201cO Poder da Mulher no Meio Social\u201d. O evento fez parte da programa\u00e7\u00e3o do M\u00eas da Mulher. O objetivo foi orientar e conscientizar o p\u00fablico sobre o enfrentamento \u00e0 viol\u00eancia dom\u00e9stica e familiar. A a\u00e7\u00e3o reuniu usu\u00e1rias dos servi\u00e7os socioassistenciais e profissionais que integram a Rede de Prote\u00e7\u00e3o do munic\u00edpio.<\/p>\n\n\n\n<p>A atividade contou com a palestra da Delegada Josiane Froehlich, titular da Delegacia Especializada no Atendimento \u00e0 Mulher (DEAM). Durante o encontro, foram debatidas estrat\u00e9gias de identifica\u00e7\u00e3o de abusos e a import\u00e2ncia de fortalecer os canais de den\u00fancia e acolhimento. A iniciativa buscou informar as participantes atrav\u00e9s do conhecimento de seus direitos.<\/p>\n\n\n\n<p>Al\u00e9m disso, a coordena\u00e7\u00e3o do CRRM refor\u00e7ou que o debate sobre a viol\u00eancia contra a mulher n\u00e3o deve ficar restrito aos \u00f3rg\u00e3os de seguran\u00e7a e assist\u00eancia, mas sim ser uma pauta constante de toda a sociedade.<\/p>\n\n\n\n<p><\/p>\n","protected":false},"excerpt":{"rendered":"<p>A Prefeitura de Santa Rosa, por meio do Centro de Refer\u00eancia Regional de Atendimento \u00e0 Mulher (CRRM), vinculado \u00e0 Secretaria<\/p>\n","protected":false},"author":12,"featured_media":16297,"comment_status":"closed","ping_status":"closed","sticky":false,"template":"","format":"standard","meta":{"footnotes":""},"categories":[4,17],"tags":[],"class_list":["post-16295","post","type-post","status-publish","format-standard","has-post-thumbnail","hentry","category-noticias","category-secretaria-municipal-de-desenvolvimento-social"],"aioseo_notices":[],"_links":{"self":[{"href":"https:\/\/prefeitura.santarosa.rs.gov.br\/index.php?rest_route=\/wp\/v2\/posts\/16295","targetHints":{"allow":["GET"]}}],"collection":[{"href":"https:\/\/prefeitura.santarosa.rs.gov.br\/index.php?rest_route=\/wp\/v2\/posts"}],"about":[{"href":"https:\/\/prefeitura.santarosa.rs.gov.br\/index.php?rest_route=\/wp\/v2\/types\/post"}],"author":[{"embeddable":true,"href":"https:\/\/prefeitura.santarosa.rs.gov.br\/index.php?rest_route=\/wp\/v2\/users\/12"}],"replies":[{"embeddable":true,"href":"https:\/\/prefeitura.santarosa.rs.gov.br\/index.php?rest_route=%2Fwp%2Fv2%2Fcomments&post=16295"}],"version-history":[{"count":1,"href":"https:\/\/prefeitura.santarosa.rs.gov.br\/index.php?rest_route=\/wp\/v2\/posts\/16295\/revisions"}],"predecessor-version":[{"id":16298,"href":"https:\/\/prefeitura.santarosa.rs.gov.br\/index.php?rest_route=\/wp\/v2\/posts\/16295\/revisions\/16298"}],"wp:featuredmedia":[{"embeddable":true,"href":"https:\/\/prefeitura.santarosa.rs.gov.br\/index.php?rest_route=\/wp\/v2\/media\/16297"}],"wp:attachment":[{"href":"https:\/\/prefeitura.santarosa.rs.gov.br\/index.php?rest_route=%2Fwp%2Fv2%2Fmedia&parent=16295"}],"wp:term":[{"taxonomy":"category","embeddable":true,"href":"https:\/\/prefeitura.santarosa.rs.gov.br\/index.php?rest_route=%2Fwp%2Fv2%2Fcategories&post=16295"},{"taxonomy":"post_tag","embeddable":true,"href":"https:\/\/prefeitura.santarosa.rs.gov.br\/index.php?rest_route=%2Fwp%2Fv2%2Ftags&post=16295"}],"curies":[{"name":"wp","href":"https:\/\/api.w.org\/{rel}","templated":true}]}}