{"id":16289,"date":"2026-03-12T15:38:50","date_gmt":"2026-03-12T18:38:50","guid":{"rendered":"https:\/\/prefeitura.santarosa.rs.gov.br\/?p=16289"},"modified":"2026-03-12T15:40:19","modified_gmt":"2026-03-12T18:40:19","slug":"vanca-a-construcao-do-centro-dia-do-idoso-em-santa-rosa","status":"publish","type":"post","link":"https:\/\/prefeitura.santarosa.rs.gov.br\/?p=16289","title":{"rendered":"Avan\u00e7a a constru\u00e7\u00e3o do Centro-Dia do Idoso em Santa Rosa"},"content":{"rendered":"\n<figure class=\"wp-block-image size-large\"><img fetchpriority=\"high\" decoding=\"async\" width=\"1024\" height=\"770\" src=\"https:\/\/prefeitura.santarosa.rs.gov.br\/wp-content\/uploads\/2026\/03\/WhatsApp-Image-2026-03-12-at-15.32.14-1024x770.jpeg\" alt=\"\" class=\"wp-image-16290\" srcset=\"https:\/\/prefeitura.santarosa.rs.gov.br\/wp-content\/uploads\/2026\/03\/WhatsApp-Image-2026-03-12-at-15.32.14-1024x770.jpeg 1024w, https:\/\/prefeitura.santarosa.rs.gov.br\/wp-content\/uploads\/2026\/03\/WhatsApp-Image-2026-03-12-at-15.32.14-300x226.jpeg 300w, https:\/\/prefeitura.santarosa.rs.gov.br\/wp-content\/uploads\/2026\/03\/WhatsApp-Image-2026-03-12-at-15.32.14-768x578.jpeg 768w, https:\/\/prefeitura.santarosa.rs.gov.br\/wp-content\/uploads\/2026\/03\/WhatsApp-Image-2026-03-12-at-15.32.14.jpeg 1280w\" sizes=\"(max-width: 1024px) 100vw, 1024px\" \/><\/figure>\n\n\n\n<p>A obra do Centro-Dia do Idoso segue como um projeto estrat\u00e9gico para a amplia\u00e7\u00e3o das pol\u00edticas de bem-estar no munic\u00edpio. Localizado no Parque de Exposi\u00e7\u00f5es, as equipes trabalham no momento, na execu\u00e7\u00e3o das vigas. A previs\u00e3o \u00e9 de que a constru\u00e7\u00e3o seja entregue no final de 2026.<\/p>\n\n\n\n<p>O projeto contempla uma \u00e1rea de 339 metros quadrados e uma infraestrutura completa para oferecer atendimento humanizado e seguran\u00e7a. O espa\u00e7o ter\u00e1 ambientes para atividades coletivas e individuais, ambulat\u00f3rio, cozinha, refeit\u00f3rio, \u00e1rea de servi\u00e7o, despensa, almoxarifado, sala de repouso, banheiros acess\u00edveis, sala de conviv\u00eancia e salas administrativas. O Prefeito Anderson Mantei refor\u00e7ou que esta foi uma promessa de ampliar as pol\u00edticas p\u00fablicas e a\u00e7\u00f5es para os idosos, \u201cEstamos acompanhando cada etapa da obra para garantir que, at\u00e9 o final do ano, os idosos de Santa Rosa tenham um local de refer\u00eancia que una assist\u00eancia t\u00e9cnica e sa\u00fade. O Centro-Dia ser\u00e1 um grande diferencial na oferta de a\u00e7\u00f5es que promovam mais sa\u00fade e qualidade de vida para a popula\u00e7\u00e3o idosa\u201d.<\/p>\n\n\n\n<p>O investimento total \u00e9 de aproximadamente R$ 1,3 milh\u00e3o, viabilizado por meio de um repasse de R$ 950 mil do Governo do Estado somado a uma contrapartida de R$ 343 mil da Prefeitura.<\/p>\n","protected":false},"excerpt":{"rendered":"<p>A obra do Centro-Dia do Idoso segue como um projeto estrat\u00e9gico para a amplia\u00e7\u00e3o das pol\u00edticas de bem-estar no munic\u00edpio.<\/p>\n","protected":false},"author":12,"featured_media":16291,"comment_status":"closed","ping_status":"closed","sticky":false,"template":"","format":"standard","meta":{"footnotes":""},"categories":[4,22],"tags":[],"class_list":["post-16289","post","type-post","status-publish","format-standard","has-post-thumbnail","hentry","category-noticias","category-secretaria-municipal-de-planejamento-e-habitacao"],"aioseo_notices":[],"_links":{"self":[{"href":"https:\/\/prefeitura.santarosa.rs.gov.br\/index.php?rest_route=\/wp\/v2\/posts\/16289","targetHints":{"allow":["GET"]}}],"collection":[{"href":"https:\/\/prefeitura.santarosa.rs.gov.br\/index.php?rest_route=\/wp\/v2\/posts"}],"about":[{"href":"https:\/\/prefeitura.santarosa.rs.gov.br\/index.php?rest_route=\/wp\/v2\/types\/post"}],"author":[{"embeddable":true,"href":"https:\/\/prefeitura.santarosa.rs.gov.br\/index.php?rest_route=\/wp\/v2\/users\/12"}],"replies":[{"embeddable":true,"href":"https:\/\/prefeitura.santarosa.rs.gov.br\/index.php?rest_route=%2Fwp%2Fv2%2Fcomments&post=16289"}],"version-history":[{"count":2,"href":"https:\/\/prefeitura.santarosa.rs.gov.br\/index.php?rest_route=\/wp\/v2\/posts\/16289\/revisions"}],"predecessor-version":[{"id":16293,"href":"https:\/\/prefeitura.santarosa.rs.gov.br\/index.php?rest_route=\/wp\/v2\/posts\/16289\/revisions\/16293"}],"wp:featuredmedia":[{"embeddable":true,"href":"https:\/\/prefeitura.santarosa.rs.gov.br\/index.php?rest_route=\/wp\/v2\/media\/16291"}],"wp:attachment":[{"href":"https:\/\/prefeitura.santarosa.rs.gov.br\/index.php?rest_route=%2Fwp%2Fv2%2Fmedia&parent=16289"}],"wp:term":[{"taxonomy":"category","embeddable":true,"href":"https:\/\/prefeitura.santarosa.rs.gov.br\/index.php?rest_route=%2Fwp%2Fv2%2Fcategories&post=16289"},{"taxonomy":"post_tag","embeddable":true,"href":"https:\/\/prefeitura.santarosa.rs.gov.br\/index.php?rest_route=%2Fwp%2Fv2%2Ftags&post=16289"}],"curies":[{"name":"wp","href":"https:\/\/api.w.org\/{rel}","templated":true}]}}