{"id":16284,"date":"2026-03-12T15:18:03","date_gmt":"2026-03-12T18:18:03","guid":{"rendered":"https:\/\/prefeitura.santarosa.rs.gov.br\/?p=16284"},"modified":"2026-03-12T15:18:04","modified_gmt":"2026-03-12T18:18:04","slug":"4a-caminhada-pela-paz-mobiliza-comunidade-do-bairro-cruzeiro","status":"publish","type":"post","link":"https:\/\/prefeitura.santarosa.rs.gov.br\/?p=16284","title":{"rendered":"4\u00aa Caminhada pela Paz mobiliza comunidade do Bairro Cruzeiro"},"content":{"rendered":"\n<figure class=\"wp-block-image size-large\"><img fetchpriority=\"high\" decoding=\"async\" width=\"1024\" height=\"768\" src=\"https:\/\/prefeitura.santarosa.rs.gov.br\/wp-content\/uploads\/2026\/03\/WhatsApp-Image-2026-03-12-at-15.02.10-1024x768.jpeg\" alt=\"\" class=\"wp-image-16285\" srcset=\"https:\/\/prefeitura.santarosa.rs.gov.br\/wp-content\/uploads\/2026\/03\/WhatsApp-Image-2026-03-12-at-15.02.10-1024x768.jpeg 1024w, https:\/\/prefeitura.santarosa.rs.gov.br\/wp-content\/uploads\/2026\/03\/WhatsApp-Image-2026-03-12-at-15.02.10-300x225.jpeg 300w, https:\/\/prefeitura.santarosa.rs.gov.br\/wp-content\/uploads\/2026\/03\/WhatsApp-Image-2026-03-12-at-15.02.10-768x576.jpeg 768w, https:\/\/prefeitura.santarosa.rs.gov.br\/wp-content\/uploads\/2026\/03\/WhatsApp-Image-2026-03-12-at-15.02.10-1536x1152.jpeg 1536w, https:\/\/prefeitura.santarosa.rs.gov.br\/wp-content\/uploads\/2026\/03\/WhatsApp-Image-2026-03-12-at-15.02.10.jpeg 1600w\" sizes=\"(max-width: 1024px) 100vw, 1024px\" \/><\/figure>\n\n\n\n<p>Na noite desta quarta-feira (11), as Escolas Municipais de Educa\u00e7\u00e3o Infantil do Bairro Cruzeiro realizaram a 4\u00aa Caminhada pela Paz. A a\u00e7\u00e3o foi realizada em prol da conscientiza\u00e7\u00e3o sobre a n\u00e3o viol\u00eancia contra a mulher. A caminhada reuniu alunos, fam\u00edlias, profissionais da educa\u00e7\u00e3o e comunidade, com sa\u00edda em frente da empresa Toda Hora e encerramento na Pra\u00e7a Pedro Odeon. O momento foi marcado por reflex\u00f5es sobre respeito, empatia e valoriza\u00e7\u00e3o da vida das mulheres.<\/p>\n\n\n\n<p>A abertura do evento foi realizada pela diretora Vera L\u00facia Gregory, da EMEI Crian\u00e7a Feliz, que destacou a import\u00e2ncia de ensinar desde a inf\u00e2ncia valores como respeito e igualdade. A Secret\u00e1ria de Educa\u00e7\u00e3o e Cultura, Lires Zimmermann, destacou a a\u00e7\u00e3o, \u201cEsta iniciativa refor\u00e7a o compromisso do Governo Municipal, das escolas e da comunidade com a constru\u00e7\u00e3o de uma cultura de paz e respeito \u00e0s mulheres\u201d.<\/p>\n\n\n\n<p>Participaram da organiza\u00e7\u00e3o as escolas EMEI Crian\u00e7a Feliz, EMEI Mundo Encantado, EMEI Caminhos do Saber e EMEI Crian\u00e7a Esperan\u00e7a. O encerramento contou com a participa\u00e7\u00e3o da Brigada Militar, por meio da Patrulha Maria da Penha, refor\u00e7ando a import\u00e2ncia da rede de prote\u00e7\u00e3o \u00e0s mulheres.<\/p>\n","protected":false},"excerpt":{"rendered":"<p>Na noite desta quarta-feira (11), as Escolas Municipais de Educa\u00e7\u00e3o Infantil do Bairro Cruzeiro realizaram a 4\u00aa Caminhada pela Paz.<\/p>\n","protected":false},"author":12,"featured_media":16286,"comment_status":"closed","ping_status":"closed","sticky":false,"template":"","format":"standard","meta":{"footnotes":""},"categories":[4,18],"tags":[],"class_list":["post-16284","post","type-post","status-publish","format-standard","has-post-thumbnail","hentry","category-noticias","category-secretaria-municipal-de-educacao-e-cultura"],"aioseo_notices":[],"_links":{"self":[{"href":"https:\/\/prefeitura.santarosa.rs.gov.br\/index.php?rest_route=\/wp\/v2\/posts\/16284","targetHints":{"allow":["GET"]}}],"collection":[{"href":"https:\/\/prefeitura.santarosa.rs.gov.br\/index.php?rest_route=\/wp\/v2\/posts"}],"about":[{"href":"https:\/\/prefeitura.santarosa.rs.gov.br\/index.php?rest_route=\/wp\/v2\/types\/post"}],"author":[{"embeddable":true,"href":"https:\/\/prefeitura.santarosa.rs.gov.br\/index.php?rest_route=\/wp\/v2\/users\/12"}],"replies":[{"embeddable":true,"href":"https:\/\/prefeitura.santarosa.rs.gov.br\/index.php?rest_route=%2Fwp%2Fv2%2Fcomments&post=16284"}],"version-history":[{"count":1,"href":"https:\/\/prefeitura.santarosa.rs.gov.br\/index.php?rest_route=\/wp\/v2\/posts\/16284\/revisions"}],"predecessor-version":[{"id":16287,"href":"https:\/\/prefeitura.santarosa.rs.gov.br\/index.php?rest_route=\/wp\/v2\/posts\/16284\/revisions\/16287"}],"wp:featuredmedia":[{"embeddable":true,"href":"https:\/\/prefeitura.santarosa.rs.gov.br\/index.php?rest_route=\/wp\/v2\/media\/16286"}],"wp:attachment":[{"href":"https:\/\/prefeitura.santarosa.rs.gov.br\/index.php?rest_route=%2Fwp%2Fv2%2Fmedia&parent=16284"}],"wp:term":[{"taxonomy":"category","embeddable":true,"href":"https:\/\/prefeitura.santarosa.rs.gov.br\/index.php?rest_route=%2Fwp%2Fv2%2Fcategories&post=16284"},{"taxonomy":"post_tag","embeddable":true,"href":"https:\/\/prefeitura.santarosa.rs.gov.br\/index.php?rest_route=%2Fwp%2Fv2%2Ftags&post=16284"}],"curies":[{"name":"wp","href":"https:\/\/api.w.org\/{rel}","templated":true}]}}